{"id":364,"date":"2026-03-03T15:48:42","date_gmt":"2026-03-03T15:48:42","guid":{"rendered":"https:\/\/letteredalloriente.com\/site\/?p=364"},"modified":"2026-03-04T12:40:08","modified_gmt":"2026-03-04T12:40:08","slug":"viaggio-in-bosnia","status":"publish","type":"post","link":"https:\/\/letteredalloriente.com\/site\/viaggio-in-bosnia\/","title":{"rendered":"Il tunnel della speranza &#8211; Sarajevo"},"content":{"rendered":"\n<h4 class=\"wp-block-heading\">Storia di cecchini e d&#8217;amore<\/h4>\n\n\n\n<p class=\"\">\u00a0\u201cIo, per quel tunnel, ci sono passata\u201d ci comunica Vesna,\u00a0la nostra ospite a Sarajevo.\u00a0 Alziamo la testa\u00a0dal depliant per turisti: siamo chine sul tavolo della disordinata cucina, due tazze di caff\u00e8 bosniaco che ho provato a preparare seguendo una ricetta online ci fanno compagnia mentre cerchiamo di definire le tappe della giornata.\u00a0\u201cL&#8217;ho usato per uscire dalla citt\u00e0 assediata e andare a salutare mia mamma e le mie sorelle in Croazia prima che si imbarcassero per l\u2019America, poi l\u2019ho riattraversato per tornare.\u201d Ora il Tunnel della Speranza \u00e8 solo un\u2019attrazione turistica tra le tante che ricordano la guerra degli anni \u201990 nei <a href=\"https:\/\/letteredalloriente.com\/site\/category\/balcani\/\">Balcani<\/a>.<\/p>\n\n\n\n<h2 class=\"wp-block-heading\">Racconti: viaggio in Bosnia, Sarajevo<\/h2>\n\n\n\n<p class=\"\">&nbsp;\u201cE perch\u00e9 sei tornata?\u201d La citt\u00e0 fu assediata per quasi quattro anni dalle milizie&nbsp;serbo\u2013bosniache,&nbsp;il pi\u00f9 lungo assedio di una capitale nella storia europea, centomila morti tra civili e soldati, vecchi e bambini, uomini e donne. Alessia sta zitta, forse \u00e8 imbarazzata: di sicuro non \u00e8 un argomento di cui chiacchierare a colazione. Continuo a fare domande. \u201cMa non era pericoloso?\u201d, domanda stupida.<\/p>\n\n\n\n<p class=\"\">&nbsp;\u201cCerto, certo che lo era. Lavoravo in banca e le banche non si fermano durante una guerra: c\u2019\u00e8 chi manda soldi e aiuti dall&#8217;estero. Ogni mattina uscivo da questa casa\u2026\u201d<\/p>\n\n\n\n<p class=\"\">\u201cProprio questa?\u201d<\/p>\n\n\n\n<p class=\"\">\u201cS\u00ec, abitavamo gi\u00e0 qui. Uscivo e iniziavo a correre fino al prossimo nascondiglio sperando che non ci fossero cecchini. Mi guardavo intorno e poi riprendevo a correre per nascondermi ancora. E avanti cos\u00ec, fino a che non arrivavo in banca. Non sapevamo mai se saremmo rincasati la sera\u201d racconta con la voce rotta e gli occhi lucidi. Infatti, molti venivano trapassati dai proiettili o uccisi da una bomba. A questo proposito, Vesna ci dice che non era come in Ucraina, con i droni e i missili.<\/p>\n\n\n\n<p class=\"\">&nbsp;A quel punto mi fermo. L\u2019ospite si asciuga gli occhi e, come se nulla fosse, ci d\u00e0 consigli su altre attrazioni. \u201cAndate al parco Veliki o fate una passeggiata sotto i tigli di via Vilsonovo \u2013 la via Wilson, dove c\u2019\u00e8 anche il caff\u00e8 Tito con i carri armati.\u201d Decorazioni ordinarie, nell\u2019Europa Orientale. Il tunnel non saremmo andate a vederlo. Ci era bastata la mostra di foto di cadaveri bendati, corpi bruciati e salme sanguinanti ritratte nelle strade della citt\u00e0 tenuta in un angolo del bel municipio di Sarajevo. C\u2019\u00e8 una mostra di arte contemporanea e poi, all\u2019improvviso, in due sale buie, ti ritrovi davanti agli occhi cose che non volevi vedere.<\/p>\n\n\n\n<figure class=\"wp-block-image\"><img decoding=\"async\" loading=\"lazy\" src=\"https:\/\/substackcdn.com\/image\/fetch\/$s_!9SmQ!,w_1456,c_limit,f_auto,q_auto:good,fl_progressive:steep\/https%3A%2F%2Fsubstack-post-media.s3.amazonaws.com%2Fpublic%2Fimages%2F60809395-89a1-4e4d-b97c-111cde939ad5_4032x3024.jpeg\" alt=\"\"\/><\/figure>\n\n\n\n<p class=\"\"><\/p>\n\n\n\n<p class=\"\">Un tempo quell\u2019edificio in stile moresco ospitava la Biblioteca Nazionale, andata a fuoco durante la guerra con una perdita di centinaia di migliaia di volumi, alcuni anche unici, e della bibliotecaria che cercava di salvarla.&nbsp;E ora questa storia cos\u00ec improvvisa e agghiacciante, arrivataci come il proiettile di un cecchino dopo tutte le congetture fatte osservando foto abbastanza recenti di Vesna e di quello che doveva essere il marito, ritratti con il figlio adolescente in pose felici. \u201cGuarda come stanno bene, Sicuramente non erano a Sarajevo durante l\u2019assedio\u201d ci siamo dette io e Alessia. O peggio ancora: \u201cforse sono serbi.\u201d I serbi \u2013 visti da questo lato \u2013 erano i cattivi.<\/p>\n\n\n\n<p class=\"\">Invece lei aveva attraversato quel tunnel scavato fin fuori la citt\u00e0, fin fuori l&#8217;assedio, dal quale passavano persone e aiuti. Aveva assaggiato la pace e la libert\u00e0 e le aveva gettate via per amore. Questo pensiero mi ha perseguitata per giorni, settimane. Dire che l&#8217;amore \u00e8 il motore del mondo sembra retorica, ma quando qualcuno rifiuta la pace, la sicurezza \u2013&nbsp; eventualmente la vita \u2013&nbsp; per amore, allora forse questa forza non serve solo a creare belle frasi da mettere nei cioccolatini.&nbsp;I cecchini, le corse ogni mattina e ogni sera, la morte incombente, l\u2019incertezza: per lui.<\/p>\n\n\n\n<figure class=\"wp-block-image\"><img decoding=\"async\" loading=\"lazy\" src=\"https:\/\/substackcdn.com\/image\/fetch\/$s_!3sco!,w_1456,c_limit,f_auto,q_auto:good,fl_progressive:steep\/https%3A%2F%2Fsubstack-post-media.s3.amazonaws.com%2Fpublic%2Fimages%2Fef086b28-dda8-4398-bce0-0ed37445d479_4032x3024.jpeg\" alt=\"\"\/><\/figure>\n\n\n\n<p class=\"\">A Sarajevo le cicatrici della guerra di trent&#8217;anni fa non sono solo negli occhi di Vesna.&nbsp; Le si possono vedere ancora nei fori dei proiettili sulla maggioranza delle facciate: sono stati la prima cosa che abbiamo visto appena scese dal bus in una mattina di agosto. Qui \u00e8 l\u00ec se ne stanno malinconiche le rovine dei palazzi bombardati, tra un caff\u00e8 alla moda e un museo sulle&nbsp;tragedie della citt\u00e0. I Balcani solitamente sprizzano un\u2019insana follia fatta di odore di \u0107evapi che si spande nelle strade, di gente che mangia, corre in vecchie carrette con la musica a palla, di strana fascinazione per l&#8217;Italia, di una voglia di parlare, raccontare, chiedere. In Bosnia ed Erzegovina no, qua un velo di malinconia&nbsp;copre non solo i palazzi, ma anche gli abitanti che passeggiano lungo il fiume, siedono tra gli ste\u0107ci \u2013&nbsp; lapidi tombali \u2013&nbsp;e vivono una vita normale. O almeno cos\u00ec sembra.<\/p>\n\n\n\n<p class=\"\">Nessuno sorride, nessuno viene a farci domande o ad elogiare l\u2019Italia \u2013 la landa mitologica oltre l\u2019Adriatico. Ognuno se ne sta al proprio posto, in silenzio, pensieroso.&nbsp;\u00c8&nbsp;alienante dopo aver attraversato i Balcani e averne saggiato la pienezza di vita disordinata, di attimi sfasciati e disorganizzati ma sempre conviviali.<\/p>\n\n\n\n<p class=\"\">&nbsp;Qui ci sbattono in faccia le nostre responsabilit\u00e0. Oltre i mesti sorrisi e i bei musei patinati si nascondono storie come quelle di Vesna \u2013 o ancora peggiori. Torno a chiedermi, pu\u00f2 essere l&#8217;amore tanto forte da sconfiggere la paura e la morte?&nbsp;Tutti i film e i romanzi ci dicono di s\u00ec, ma nella vita reale le coppie, le amicizie, le famiglie si sfasciano per molto meno.<\/p>\n\n\n\n<p class=\"\">Sarei stata capace di fare lo stesso?&nbsp;Sapere di essere solo il bersaglio di un cecchino, un non-umano, di poter non tornare a casa viva quella notte?<\/p>\n\n\n\n<p class=\"\">&nbsp;Mi pento di non averle chiesto di pi\u00f9, ma ha vinto l&#8217;imbarazzo. Avrei dovuto chiederle: \u201cVesna, che cos&#8217;\u00e8 l&#8217;amore per te?\u201d e forse lei mi avrebbe svelato il pi\u00f9 grande mistero dell&#8217;umanit\u00e0. L&#8217;amore che nasce per qualcuno che poco prima ci era sconosciuto e poi gli doniamo cos\u00ec tanto da accettare che un proiettile possa colpirci al cuore ogni mattina e ogni sera. Trascorriamo tutta la vita a innamorarci e a disinnamorarci, a leggere storie d&#8217;amore, a guardarle, a sentirne le canzoni, eppure l&#8217;amore rimane qualcosa di inspiegabile. Erik Fromm dice che l&#8217;amore \u00e8 un&#8217;arte e come ogni arte va praticato giorno dopo giorno, con costanza&nbsp;e dedizione.<\/p>\n\n\n\n<p class=\"\">&nbsp;Quando si va a Sarajevo se ne esce con un bagaglio storico e un grande senso di colpa. Dopo tutto, \u00e8 la citt\u00e0 dove \u00e8 iniziato e finito il 1900, la citt\u00e0 dove un battito di farfalla (neanche cos\u00ec leggero)&nbsp;in quel 28 giugno del 1914 ha trascinato con s\u00e9 milioni di morti, stermini, genocidi, bombe atomiche, campi di concentramento, una profonda spaccatura tra due Europe antagoniste, fori di proiettili e una guerra che continua tutt&#8217;ora. Oltre a quello che ci raccontano i manuali storici, sono stata cos\u00ec fortunata da aver raccolto la storia, di guerra e d\u2019amore, di una persona normalissima,&nbsp;una di quelle di cui ci dimentichiamo sempre.<\/p>\n\n\n\n<hr class=\"wp-block-separator has-alpha-channel-opacity\"\/>\n\n\n\n<div class=\"nfd-container nfd-wb-call-to-action__cta-2 wp-block-group has-global-padding is-layout-constrained wp-block-group-is-layout-constrained\">\n<div class=\"wp-block-columns is-layout-flex wp-container-core-columns-is-layout-28232c24 wp-block-columns-is-layout-flex\">\n<div class=\"wp-block-column is-vertically-aligned-stretch is-layout-flow wp-block-column-is-layout-flow\">\n<div class=\"nfd-gap-md nfd-p-card-square-lg is-style-nfd-theme-darker wp-block-group has-background is-vertical is-content-justification-center is-layout-flex wp-container-core-group-is-layout-fa38c63a wp-block-group-is-layout-flex\" style=\"background-color:#fceed2;min-height:100%\">\n<div class=\"wp-block-group is-nowrap is-layout-flex wp-container-core-group-is-layout-6c531013 wp-block-group-is-layout-flex\"><\/div>\n\n\n\n<h3 class=\"nfd-text-xl nfd-text-contrast nfd-text-balance wp-block-heading has-text-align-center has-text-color has-link-color wp-elements-9848b45c2222d28e9b1430259468971e\" style=\"color:#000000\">Il viaggio reso semplice<\/h3>\n\n\n\n<p class=\"has-text-align-center has-text-color has-link-color wp-elements-c21bbe77e511756a8be0f283df80d608\" style=\"color:#000000\">Sogni un viaggio che esca dagli schemi, lontano dalle rotte turistiche pi\u00f9 affollate?<\/p>\n\n\n\n<p class=\"has-text-align-center has-text-color has-link-color wp-elements-6227d761f9aaf32e0fc3054eefff9cd8\" style=\"color:#000000\"><strong>Sono qui per aiutarti a trasformare quel sogno in realt\u00e0.<\/strong><\/p>\n\n\n\n<p class=\"has-text-align-center has-text-color has-link-color wp-elements-dd1e3e8dc6a578f48fa9a1d0bb768d31\" style=\"color:#000000\">Sono specializzata in viaggi su misura verso destinazioni meno note, angoli autentici di mondo ancora poco esplorati.<\/p>\n\n\n\n<p class=\"has-text-align-center has-text-color has-link-color wp-elements-53465af9a6ab70a1eabf91fb19d4956d\" style=\"color:#000000\">Contattami per prenotare una chiamata: insieme analizzeremo le tue esigenze e organizzeremo un viaggio in Oriente&nbsp;<em>ad hoc<\/em>per te.<\/p>\n\n\n\n<div style=\"height:0px\" aria-hidden=\"true\" class=\"wp-block-spacer wp-container-content-7d115344\"><\/div>\n\n\n\n<div class=\"wp-block-buttons is-layout-flex wp-container-core-buttons-is-layout-ea8b11be wp-block-buttons-is-layout-flex\">\n<div class=\"nfd-btn-wide is-style-fill wp-block-button\"><a class=\"wp-block-button__link has-background has-text-align-center wp-element-button\" href=\"https:\/\/ko-fi.com\/s\/d870469083\" style=\"background-color:#89684f\" target=\"_blank\" rel=\"noreferrer noopener\">Prenota una chiamata<\/a><\/div>\n<\/div>\n<\/div>\n<\/div>\n\n\n\n<div class=\"wp-block-column is-vertically-aligned-stretch is-layout-flow wp-block-column-is-layout-flow\">\n<div class=\"wp-block-group is-vertical is-content-justification-stretch is-layout-flex wp-container-core-group-is-layout-401b7a8a wp-block-group-is-layout-flex\" style=\"min-height:100%\">\n<div class=\"wp-block-cover is-light wp-container-content-9cfa9a5a\"><img decoding=\"async\" width=\"956\" height=\"1024\" loading=\"lazy\" class=\"wp-block-cover__image-background wp-image-50 size-large\" alt=\"Donna che viaggia sola\" src=\"https:\/\/letteredalloriente.com\/site\/wp-content\/uploads\/2025\/05\/Screenshot-2025-04-23-at-16.46.54-956x1024.png\" data-object-fit=\"cover\" srcset=\"https:\/\/letteredalloriente.com\/site\/wp-content\/uploads\/2025\/05\/Screenshot-2025-04-23-at-16.46.54-956x1024.png 956w, https:\/\/letteredalloriente.com\/site\/wp-content\/uploads\/2025\/05\/Screenshot-2025-04-23-at-16.46.54-280x300.png 280w, https:\/\/letteredalloriente.com\/site\/wp-content\/uploads\/2025\/05\/Screenshot-2025-04-23-at-16.46.54-768x823.png 768w, https:\/\/letteredalloriente.com\/site\/wp-content\/uploads\/2025\/05\/Screenshot-2025-04-23-at-16.46.54.png 1210w\" sizes=\"auto, (max-width: 956px) 100vw, 956px\" \/><span aria-hidden=\"true\" class=\"wp-block-cover__background has-background-dim-0 has-background-dim\" style=\"background-color:#a8a396\"><\/span><div class=\"wp-block-cover__inner-container has-global-padding is-layout-constrained wp-block-cover-is-layout-constrained\">\n<p class=\"has-text-align-center has-large-font-size\"><\/p>\n<\/div><\/div>\n<\/div>\n<\/div>\n<\/div>\n<\/div>\n","protected":false},"excerpt":{"rendered":"<p>Storia di cecchini e d&#8217;amore \u00a0\u201cIo, per quel tunnel, ci sono passata\u201d ci comunica Vesna,\u00a0la nostra ospite a Sarajevo.\u00a0 Alziamo la testa\u00a0dal depliant per turisti: siamo chine sul tavolo della disordinata cucina, due tazze di caff\u00e8 bosniaco che ho provato a preparare seguendo una ricetta online ci fanno compagnia mentre cerchiamo di definire le tappe [&hellip;]<\/p>\n","protected":false},"author":1,"featured_media":365,"comment_status":"open","ping_status":"open","sticky":false,"template":"","format":"standard","meta":{"nf_dc_page":"","footnotes":""},"categories":[58,66],"tags":[55,59,57,56,20,17],"class_list":["post-364","post","type-post","status-publish","format-standard","has-post-thumbnail","hentry","category-racconti-di-viaggio","category-balcani","tag-balcani","tag-bosnia","tag-raccontidiviaggio","tag-sarajevo","tag-viaggio-indipendente","tag-viaggio-sola"],"yoast_head":"<!-- This site is optimized with the Yoast SEO plugin v27.5 - https:\/\/yoast.com\/product\/yoast-seo-wordpress\/ -->\n<title>Il tunnel della speranza - Sarajevo - Lettere dall&#039;Oriente<\/title>\n<meta name=\"description\" content=\"Quando si va a Sarajevo se ne esce con un bagaglio storico e un grande senso di colpa. Racconto di un viaggio in Bosnia, di cecchini e d&#039;amore\" \/>\n<meta name=\"robots\" content=\"index, follow, max-snippet:-1, max-image-preview:large, max-video-preview:-1\" \/>\n<link rel=\"canonical\" href=\"https:\/\/letteredalloriente.com\/site\/viaggio-in-bosnia\/\" \/>\n<meta property=\"og:locale\" content=\"en_US\" \/>\n<meta property=\"og:type\" content=\"article\" \/>\n<meta property=\"og:title\" content=\"Il tunnel della speranza - Sarajevo - Lettere dall&#039;Oriente\" \/>\n<meta property=\"og:description\" content=\"Quando si va a Sarajevo se ne esce con un bagaglio storico e un grande senso di colpa. Racconto di un viaggio in Bosnia, di cecchini e d&#039;amore\" \/>\n<meta property=\"og:url\" content=\"https:\/\/letteredalloriente.com\/site\/viaggio-in-bosnia\/\" \/>\n<meta property=\"og:site_name\" content=\"Lettere dall&#039;Oriente\" \/>\n<meta property=\"article:published_time\" content=\"2026-03-03T15:48:42+00:00\" \/>\n<meta property=\"article:modified_time\" content=\"2026-03-04T12:40:08+00:00\" \/>\n<meta property=\"og:image\" content=\"https:\/\/letteredalloriente.com\/site\/wp-content\/uploads\/2026\/03\/image-1-scaled.jpg\" \/>\n\t<meta property=\"og:image:width\" content=\"2560\" \/>\n\t<meta property=\"og:image:height\" content=\"1920\" \/>\n\t<meta property=\"og:image:type\" content=\"image\/jpeg\" \/>\n<meta name=\"author\" content=\"Lettere dall&#039;Oriente\" \/>\n<meta name=\"twitter:card\" content=\"summary_large_image\" \/>\n<meta name=\"twitter:label1\" content=\"Written by\" \/>\n\t<meta name=\"twitter:data1\" content=\"Lettere dall&#039;Oriente\" \/>\n\t<meta name=\"twitter:label2\" content=\"Est. reading time\" \/>\n\t<meta name=\"twitter:data2\" content=\"11 minutes\" \/>\n<script type=\"application\/ld+json\" class=\"yoast-schema-graph\">{\"@context\":\"https:\\\/\\\/schema.org\",\"@graph\":[{\"@type\":\"Article\",\"@id\":\"https:\\\/\\\/letteredalloriente.com\\\/site\\\/viaggio-in-bosnia\\\/#article\",\"isPartOf\":{\"@id\":\"https:\\\/\\\/letteredalloriente.com\\\/site\\\/viaggio-in-bosnia\\\/\"},\"author\":{\"name\":\"Lettere dall'Oriente\",\"@id\":\"https:\\\/\\\/letteredalloriente.com\\\/site\\\/#\\\/schema\\\/person\\\/358c12ace37f3a4c9b9654bacea9dd81\"},\"headline\":\"Il tunnel della speranza &#8211; Sarajevo\",\"datePublished\":\"2026-03-03T15:48:42+00:00\",\"dateModified\":\"2026-03-04T12:40:08+00:00\",\"mainEntityOfPage\":{\"@id\":\"https:\\\/\\\/letteredalloriente.com\\\/site\\\/viaggio-in-bosnia\\\/\"},\"wordCount\":1172,\"commentCount\":0,\"image\":{\"@id\":\"https:\\\/\\\/letteredalloriente.com\\\/site\\\/viaggio-in-bosnia\\\/#primaryimage\"},\"thumbnailUrl\":\"https:\\\/\\\/letteredalloriente.com\\\/site\\\/wp-content\\\/uploads\\\/2026\\\/03\\\/image-1-scaled.jpg\",\"keywords\":[\"balcani\",\"bosnia\",\"raccontidiviaggio\",\"sarajevo\",\"viaggio indipendente\",\"viaggio sola\"],\"articleSection\":[\"Avventure di viaggio\",\"Balcani\"],\"inLanguage\":\"en-US\",\"potentialAction\":[{\"@type\":\"CommentAction\",\"name\":\"Comment\",\"target\":[\"https:\\\/\\\/letteredalloriente.com\\\/site\\\/viaggio-in-bosnia\\\/#respond\"]}]},{\"@type\":\"WebPage\",\"@id\":\"https:\\\/\\\/letteredalloriente.com\\\/site\\\/viaggio-in-bosnia\\\/\",\"url\":\"https:\\\/\\\/letteredalloriente.com\\\/site\\\/viaggio-in-bosnia\\\/\",\"name\":\"Il tunnel della speranza - Sarajevo - Lettere dall&#039;Oriente\",\"isPartOf\":{\"@id\":\"https:\\\/\\\/letteredalloriente.com\\\/site\\\/#website\"},\"primaryImageOfPage\":{\"@id\":\"https:\\\/\\\/letteredalloriente.com\\\/site\\\/viaggio-in-bosnia\\\/#primaryimage\"},\"image\":{\"@id\":\"https:\\\/\\\/letteredalloriente.com\\\/site\\\/viaggio-in-bosnia\\\/#primaryimage\"},\"thumbnailUrl\":\"https:\\\/\\\/letteredalloriente.com\\\/site\\\/wp-content\\\/uploads\\\/2026\\\/03\\\/image-1-scaled.jpg\",\"datePublished\":\"2026-03-03T15:48:42+00:00\",\"dateModified\":\"2026-03-04T12:40:08+00:00\",\"author\":{\"@id\":\"https:\\\/\\\/letteredalloriente.com\\\/site\\\/#\\\/schema\\\/person\\\/358c12ace37f3a4c9b9654bacea9dd81\"},\"description\":\"Quando si va a Sarajevo se ne esce con un bagaglio storico e un grande senso di colpa. Racconto di un viaggio in Bosnia, di cecchini e d'amore\",\"breadcrumb\":{\"@id\":\"https:\\\/\\\/letteredalloriente.com\\\/site\\\/viaggio-in-bosnia\\\/#breadcrumb\"},\"inLanguage\":\"en-US\",\"potentialAction\":[{\"@type\":\"ReadAction\",\"target\":[\"https:\\\/\\\/letteredalloriente.com\\\/site\\\/viaggio-in-bosnia\\\/\"]}]},{\"@type\":\"ImageObject\",\"inLanguage\":\"en-US\",\"@id\":\"https:\\\/\\\/letteredalloriente.com\\\/site\\\/viaggio-in-bosnia\\\/#primaryimage\",\"url\":\"https:\\\/\\\/letteredalloriente.com\\\/site\\\/wp-content\\\/uploads\\\/2026\\\/03\\\/image-1-scaled.jpg\",\"contentUrl\":\"https:\\\/\\\/letteredalloriente.com\\\/site\\\/wp-content\\\/uploads\\\/2026\\\/03\\\/image-1-scaled.jpg\",\"width\":2560,\"height\":1920,\"caption\":\"Viaggio in Bosnia, Viaggio a Sarajevo\"},{\"@type\":\"BreadcrumbList\",\"@id\":\"https:\\\/\\\/letteredalloriente.com\\\/site\\\/viaggio-in-bosnia\\\/#breadcrumb\",\"itemListElement\":[{\"@type\":\"ListItem\",\"position\":1,\"name\":\"Home\",\"item\":\"https:\\\/\\\/letteredalloriente.com\\\/site\\\/\"},{\"@type\":\"ListItem\",\"position\":2,\"name\":\"Il tunnel della speranza &#8211; Sarajevo\"}]},{\"@type\":\"WebSite\",\"@id\":\"https:\\\/\\\/letteredalloriente.com\\\/site\\\/#website\",\"url\":\"https:\\\/\\\/letteredalloriente.com\\\/site\\\/\",\"name\":\"Lettere dall&#039;Oriente\",\"description\":\"\",\"potentialAction\":[{\"@type\":\"SearchAction\",\"target\":{\"@type\":\"EntryPoint\",\"urlTemplate\":\"https:\\\/\\\/letteredalloriente.com\\\/site\\\/?s={search_term_string}\"},\"query-input\":{\"@type\":\"PropertyValueSpecification\",\"valueRequired\":true,\"valueName\":\"search_term_string\"}}],\"inLanguage\":\"en-US\"},{\"@type\":\"Person\",\"@id\":\"https:\\\/\\\/letteredalloriente.com\\\/site\\\/#\\\/schema\\\/person\\\/358c12ace37f3a4c9b9654bacea9dd81\",\"name\":\"Lettere dall'Oriente\",\"image\":{\"@type\":\"ImageObject\",\"inLanguage\":\"en-US\",\"@id\":\"https:\\\/\\\/secure.gravatar.com\\\/avatar\\\/b3471397ef8f2aeabdbd9f0f12ae3f7ad4692b9613edf94edb305ceeebfa3b8f?s=96&d=mm&r=g\",\"url\":\"https:\\\/\\\/secure.gravatar.com\\\/avatar\\\/b3471397ef8f2aeabdbd9f0f12ae3f7ad4692b9613edf94edb305ceeebfa3b8f?s=96&d=mm&r=g\",\"contentUrl\":\"https:\\\/\\\/secure.gravatar.com\\\/avatar\\\/b3471397ef8f2aeabdbd9f0f12ae3f7ad4692b9613edf94edb305ceeebfa3b8f?s=96&d=mm&r=g\",\"caption\":\"Lettere dall'Oriente\"},\"url\":\"https:\\\/\\\/letteredalloriente.com\\\/site\\\/author\\\/alessandranitti15\\\/\"}]}<\/script>\n<!-- \/ Yoast SEO plugin. -->","yoast_head_json":{"title":"Il tunnel della speranza - Sarajevo - Lettere dall&#039;Oriente","description":"Quando si va a Sarajevo se ne esce con un bagaglio storico e un grande senso di colpa. Racconto di un viaggio in Bosnia, di cecchini e d'amore","robots":{"index":"index","follow":"follow","max-snippet":"max-snippet:-1","max-image-preview":"max-image-preview:large","max-video-preview":"max-video-preview:-1"},"canonical":"https:\/\/letteredalloriente.com\/site\/viaggio-in-bosnia\/","og_locale":"en_US","og_type":"article","og_title":"Il tunnel della speranza - Sarajevo - Lettere dall&#039;Oriente","og_description":"Quando si va a Sarajevo se ne esce con un bagaglio storico e un grande senso di colpa. Racconto di un viaggio in Bosnia, di cecchini e d'amore","og_url":"https:\/\/letteredalloriente.com\/site\/viaggio-in-bosnia\/","og_site_name":"Lettere dall&#039;Oriente","article_published_time":"2026-03-03T15:48:42+00:00","article_modified_time":"2026-03-04T12:40:08+00:00","og_image":[{"width":2560,"height":1920,"url":"https:\/\/letteredalloriente.com\/site\/wp-content\/uploads\/2026\/03\/image-1-scaled.jpg","type":"image\/jpeg"}],"author":"Lettere dall'Oriente","twitter_card":"summary_large_image","twitter_misc":{"Written by":"Lettere dall'Oriente","Est. reading time":"11 minutes"},"schema":{"@context":"https:\/\/schema.org","@graph":[{"@type":"Article","@id":"https:\/\/letteredalloriente.com\/site\/viaggio-in-bosnia\/#article","isPartOf":{"@id":"https:\/\/letteredalloriente.com\/site\/viaggio-in-bosnia\/"},"author":{"name":"Lettere dall'Oriente","@id":"https:\/\/letteredalloriente.com\/site\/#\/schema\/person\/358c12ace37f3a4c9b9654bacea9dd81"},"headline":"Il tunnel della speranza &#8211; Sarajevo","datePublished":"2026-03-03T15:48:42+00:00","dateModified":"2026-03-04T12:40:08+00:00","mainEntityOfPage":{"@id":"https:\/\/letteredalloriente.com\/site\/viaggio-in-bosnia\/"},"wordCount":1172,"commentCount":0,"image":{"@id":"https:\/\/letteredalloriente.com\/site\/viaggio-in-bosnia\/#primaryimage"},"thumbnailUrl":"https:\/\/letteredalloriente.com\/site\/wp-content\/uploads\/2026\/03\/image-1-scaled.jpg","keywords":["balcani","bosnia","raccontidiviaggio","sarajevo","viaggio indipendente","viaggio sola"],"articleSection":["Avventure di viaggio","Balcani"],"inLanguage":"en-US","potentialAction":[{"@type":"CommentAction","name":"Comment","target":["https:\/\/letteredalloriente.com\/site\/viaggio-in-bosnia\/#respond"]}]},{"@type":"WebPage","@id":"https:\/\/letteredalloriente.com\/site\/viaggio-in-bosnia\/","url":"https:\/\/letteredalloriente.com\/site\/viaggio-in-bosnia\/","name":"Il tunnel della speranza - Sarajevo - Lettere dall&#039;Oriente","isPartOf":{"@id":"https:\/\/letteredalloriente.com\/site\/#website"},"primaryImageOfPage":{"@id":"https:\/\/letteredalloriente.com\/site\/viaggio-in-bosnia\/#primaryimage"},"image":{"@id":"https:\/\/letteredalloriente.com\/site\/viaggio-in-bosnia\/#primaryimage"},"thumbnailUrl":"https:\/\/letteredalloriente.com\/site\/wp-content\/uploads\/2026\/03\/image-1-scaled.jpg","datePublished":"2026-03-03T15:48:42+00:00","dateModified":"2026-03-04T12:40:08+00:00","author":{"@id":"https:\/\/letteredalloriente.com\/site\/#\/schema\/person\/358c12ace37f3a4c9b9654bacea9dd81"},"description":"Quando si va a Sarajevo se ne esce con un bagaglio storico e un grande senso di colpa. Racconto di un viaggio in Bosnia, di cecchini e d'amore","breadcrumb":{"@id":"https:\/\/letteredalloriente.com\/site\/viaggio-in-bosnia\/#breadcrumb"},"inLanguage":"en-US","potentialAction":[{"@type":"ReadAction","target":["https:\/\/letteredalloriente.com\/site\/viaggio-in-bosnia\/"]}]},{"@type":"ImageObject","inLanguage":"en-US","@id":"https:\/\/letteredalloriente.com\/site\/viaggio-in-bosnia\/#primaryimage","url":"https:\/\/letteredalloriente.com\/site\/wp-content\/uploads\/2026\/03\/image-1-scaled.jpg","contentUrl":"https:\/\/letteredalloriente.com\/site\/wp-content\/uploads\/2026\/03\/image-1-scaled.jpg","width":2560,"height":1920,"caption":"Viaggio in Bosnia, Viaggio a Sarajevo"},{"@type":"BreadcrumbList","@id":"https:\/\/letteredalloriente.com\/site\/viaggio-in-bosnia\/#breadcrumb","itemListElement":[{"@type":"ListItem","position":1,"name":"Home","item":"https:\/\/letteredalloriente.com\/site\/"},{"@type":"ListItem","position":2,"name":"Il tunnel della speranza &#8211; Sarajevo"}]},{"@type":"WebSite","@id":"https:\/\/letteredalloriente.com\/site\/#website","url":"https:\/\/letteredalloriente.com\/site\/","name":"Lettere dall&#039;Oriente","description":"","potentialAction":[{"@type":"SearchAction","target":{"@type":"EntryPoint","urlTemplate":"https:\/\/letteredalloriente.com\/site\/?s={search_term_string}"},"query-input":{"@type":"PropertyValueSpecification","valueRequired":true,"valueName":"search_term_string"}}],"inLanguage":"en-US"},{"@type":"Person","@id":"https:\/\/letteredalloriente.com\/site\/#\/schema\/person\/358c12ace37f3a4c9b9654bacea9dd81","name":"Lettere dall'Oriente","image":{"@type":"ImageObject","inLanguage":"en-US","@id":"https:\/\/secure.gravatar.com\/avatar\/b3471397ef8f2aeabdbd9f0f12ae3f7ad4692b9613edf94edb305ceeebfa3b8f?s=96&d=mm&r=g","url":"https:\/\/secure.gravatar.com\/avatar\/b3471397ef8f2aeabdbd9f0f12ae3f7ad4692b9613edf94edb305ceeebfa3b8f?s=96&d=mm&r=g","contentUrl":"https:\/\/secure.gravatar.com\/avatar\/b3471397ef8f2aeabdbd9f0f12ae3f7ad4692b9613edf94edb305ceeebfa3b8f?s=96&d=mm&r=g","caption":"Lettere dall'Oriente"},"url":"https:\/\/letteredalloriente.com\/site\/author\/alessandranitti15\/"}]}},"_links":{"self":[{"href":"https:\/\/letteredalloriente.com\/site\/wp-json\/wp\/v2\/posts\/364","targetHints":{"allow":["GET"]}}],"collection":[{"href":"https:\/\/letteredalloriente.com\/site\/wp-json\/wp\/v2\/posts"}],"about":[{"href":"https:\/\/letteredalloriente.com\/site\/wp-json\/wp\/v2\/types\/post"}],"author":[{"embeddable":true,"href":"https:\/\/letteredalloriente.com\/site\/wp-json\/wp\/v2\/users\/1"}],"replies":[{"embeddable":true,"href":"https:\/\/letteredalloriente.com\/site\/wp-json\/wp\/v2\/comments?post=364"}],"version-history":[{"count":1,"href":"https:\/\/letteredalloriente.com\/site\/wp-json\/wp\/v2\/posts\/364\/revisions"}],"predecessor-version":[{"id":366,"href":"https:\/\/letteredalloriente.com\/site\/wp-json\/wp\/v2\/posts\/364\/revisions\/366"}],"wp:featuredmedia":[{"embeddable":true,"href":"https:\/\/letteredalloriente.com\/site\/wp-json\/wp\/v2\/media\/365"}],"wp:attachment":[{"href":"https:\/\/letteredalloriente.com\/site\/wp-json\/wp\/v2\/media?parent=364"}],"wp:term":[{"taxonomy":"category","embeddable":true,"href":"https:\/\/letteredalloriente.com\/site\/wp-json\/wp\/v2\/categories?post=364"},{"taxonomy":"post_tag","embeddable":true,"href":"https:\/\/letteredalloriente.com\/site\/wp-json\/wp\/v2\/tags?post=364"}],"curies":[{"name":"wp","href":"https:\/\/api.w.org\/{rel}","templated":true}]}}