{"id":420,"date":"2026-03-05T07:54:51","date_gmt":"2026-03-05T07:54:51","guid":{"rendered":"https:\/\/letteredalloriente.com\/site\/?p=420"},"modified":"2026-03-05T07:56:23","modified_gmt":"2026-03-05T07:56:23","slug":"balcani-in-treno","status":"publish","type":"post","link":"https:\/\/letteredalloriente.com\/site\/balcani-in-treno\/","title":{"rendered":"Il mondo dietro a un finestrino"},"content":{"rendered":"\n<p class=\"\">\u201cBiglietto, prego. Grazie.\u201d<\/p>\n\n\n\n<p class=\"\">Una delle frasi che ho sentito pi\u00f9 spesso nella mia vita. In aeroporto, sugli autobus, nei treni. Nei treni, soprattutto, questa parola ha quasi un altro sapore. Nella mia immaginazione alimentata da storie di viaggiatori del passato, il treno dovrebbe estendersi in ogni angolo del mondo, unire i popoli pi\u00f9 lontani, ma con dolcezza, senza la violenza degli aerei.<\/p>\n\n\n\n<p class=\"\">Un paio di volte sono finita su vecchi treni polacchi, quelli che uniscono ancora l\u2019antico impero austroungarico: Cracovia, Katovice, Ostrava \u2013 la citt\u00e0 delle miniere e degli impianti del ferro abbandonati (ancora l\u2019abbandono!) \u2013 Olomuc, Brno, Vienna, Bratislava, Gy\u00f6r, Budapest. Cinque paesi in un solo treno, che scorrono piatti oltre il finestrino della carrozza ristorante. Sembra il salotto di una vecchia zia con i tavoli di legno, le tendine e una piccola abat-jour di tessuto bianco fissa al centro di ogni piano. Piccoli tocchi mitteleuropei mentre l\u2019addetto scalda panini imbustati nella plastica.<\/p>\n\n\n\n<figure class=\"wp-block-image size-large\"><img decoding=\"async\" width=\"768\" height=\"1024\" loading=\"lazy\" src=\"https:\/\/letteredalloriente.com\/site\/wp-content\/uploads\/2026\/03\/7889f9f9-d7b1-45bd-9d0b-d8d4fcf628a8_2867x3823-768x1024.jpg\" alt=\"\" class=\"wp-image-422\" srcset=\"https:\/\/letteredalloriente.com\/site\/wp-content\/uploads\/2026\/03\/7889f9f9-d7b1-45bd-9d0b-d8d4fcf628a8_2867x3823-768x1024.jpg 768w, https:\/\/letteredalloriente.com\/site\/wp-content\/uploads\/2026\/03\/7889f9f9-d7b1-45bd-9d0b-d8d4fcf628a8_2867x3823-225x300.jpg 225w, https:\/\/letteredalloriente.com\/site\/wp-content\/uploads\/2026\/03\/7889f9f9-d7b1-45bd-9d0b-d8d4fcf628a8_2867x3823-1152x1536.jpg 1152w, https:\/\/letteredalloriente.com\/site\/wp-content\/uploads\/2026\/03\/7889f9f9-d7b1-45bd-9d0b-d8d4fcf628a8_2867x3823-1536x2048.jpg 1536w, https:\/\/letteredalloriente.com\/site\/wp-content\/uploads\/2026\/03\/7889f9f9-d7b1-45bd-9d0b-d8d4fcf628a8_2867x3823-scaled.jpg 1920w\" sizes=\"auto, (max-width: 768px) 100vw, 768px\" \/><\/figure>\n\n\n\n<h3 class=\"wp-block-heading\">Binari speciali<\/h3>\n\n\n\n<p class=\"\">Nei treni ucraini che, almeno fino a prima della guerra, viaggiavano sulla terra piallata di fitti boschi di betulle non c\u2019\u00e8 il vagone ristorante, ma una vecchia signora in ciabatte che serve acqua bollente insieme a una bustina di t\u00e8, una di caff\u00e8 solubile e una di zucchero. Prima del covid-19 portava dei bicchieri in vetro usati e riusati nel corso dei decenni, infilati in porta-bicchieri di peltro con in rilievo immagini del Paese o antichi simboli sovietici. E si sta l\u00ec a sorseggiare qualcosa di caldo, le rotaie scorrono lente tra i boschi di betulle che coprono la parte ovest dell\u2019Ucraina.\u00a0<em>Tu-dun, tu-dun, tu-dun<\/em>\u00a0tutta la notte con la luna che filtra tra gli alberi dalla corteccia bianca e il finestrino impolverato, mentre si \u00e8 distesi su una cuccetta ad ascoltare il respiro degli sconosciuti.<\/p>\n\n\n\n<p class=\"\">Peccato che gli autobus a lunga percorrenza e gli aerei low-cost abbiano soppiantato i treni in molti paesi. In altri no, la Cina investe tantissimo nelle ferrovie ed \u00e8 una delle nazioni con il miglior sistema ferroviario al mondo. Si pu\u00f2 arrivare ovunque, anche in Tibet. Nel Paese di Mezzo, come lo chiamano i cinesi stessi, c\u2019\u00e8 la tratta ferroviaria pi\u00f9 alta del pianeta: Pechino-Lhasa 48 ore. Si abbandona la metropoli con le sue strade a sei corsie, si attraversano le pianure polverose del Nord, la Mongolia interna, si passa per le praterie e i laghi celesti del Qinghai e poi si sale su, su, fino all\u2019altopiano tibetano, in paesaggi brulli e rarefatti come l&#8217;aria di lass\u00f9.<\/p>\n\n\n\n<figure class=\"wp-block-image size-large\"><img decoding=\"async\" width=\"767\" height=\"1024\" loading=\"lazy\" src=\"https:\/\/letteredalloriente.com\/site\/wp-content\/uploads\/2026\/03\/0f96dce8-63d1-4c13-9433-74f9283cc1a3_2950x3938-767x1024.jpg\" alt=\"\" class=\"wp-image-423\" srcset=\"https:\/\/letteredalloriente.com\/site\/wp-content\/uploads\/2026\/03\/0f96dce8-63d1-4c13-9433-74f9283cc1a3_2950x3938-767x1024.jpg 767w, https:\/\/letteredalloriente.com\/site\/wp-content\/uploads\/2026\/03\/0f96dce8-63d1-4c13-9433-74f9283cc1a3_2950x3938-225x300.jpg 225w, https:\/\/letteredalloriente.com\/site\/wp-content\/uploads\/2026\/03\/0f96dce8-63d1-4c13-9433-74f9283cc1a3_2950x3938-768x1025.jpg 768w, https:\/\/letteredalloriente.com\/site\/wp-content\/uploads\/2026\/03\/0f96dce8-63d1-4c13-9433-74f9283cc1a3_2950x3938-1151x1536.jpg 1151w, https:\/\/letteredalloriente.com\/site\/wp-content\/uploads\/2026\/03\/0f96dce8-63d1-4c13-9433-74f9283cc1a3_2950x3938-1534x2048.jpg 1534w, https:\/\/letteredalloriente.com\/site\/wp-content\/uploads\/2026\/03\/0f96dce8-63d1-4c13-9433-74f9283cc1a3_2950x3938-scaled.jpg 1918w\" sizes=\"auto, (max-width: 767px) 100vw, 767px\" \/><figcaption class=\"wp-element-caption\">In un treno cinese<\/figcaption><\/figure>\n\n\n\n<h4 class=\"wp-block-heading\">I treni pi\u00f9 veloci del mondo<\/h4>\n\n\n\n<p class=\"\">Una cosa a cui la Cina tiene tanto sono i GaoTie, i treni-bolidi che vanno a 450km orari, come i famosi Shinkansen giapponesi, ma ci sono tutti i tipi di treno: i pi\u00f9 lenti si dividono in vagoni con sedili morbidi e sedili duri e cuccette morbide e cuccette dure. I sedili \u201cduri\u201d sono i pi\u00f9 economici e vanno bene per le tratte brevi. Una volta il mio biglietto \u00e8 stato declassato \u2013 chiss\u00e0 perch\u00e9 \u2013 e mi sono ritrovata a trascorrere la notte sulla tratta Pechino-Xi\u2019An (dove iniziava la via della seta) nel vagone dai sedili duri. <\/p>\n\n\n\n<p class=\"\">Per andare in bagno ho dovuto camminare su un\u2019umanit\u00e0 sdraiata nella corsia dall\u2019intenso odore di effluvi umani. Tutte queste persone arrotolate l\u2019una sull\u2019altra tra i sedili avevano probabilmente comprato un biglietto \u201csenza posto\u201d e cos\u00ec ora dormivano abbracciati a sconosciuti nel corridoio con la puzza di fumo che proveniva dal vano tra i vagoni. Un viaggio sicuramente pi\u00f9 caratteristico di quello nei GaoTie.<\/p>\n\n\n\n<p class=\"\">Di solito, per\u00f2, dormivo nelle cuccette dure tra cinesi che sgranocchiavano un\u2019infinit\u00e0 di spuntini imbustati a uno a uno: dolcetti con il prosciutto dolce, carne essiccata, semini. Non vedevano l\u2019ora di condividerli con l\u2019unica straniera tra quei 6 lettini, 3 da un lato e 3 dall\u2019alto. \u201cDa dove vieni, chi sei, dove vai? Perch\u00e9 non sei su un aereo? Come mai parli cinese? \u00c8 vero che in Italia avete tutti una Ferrari?\u201d<\/p>\n\n\n\n<p class=\"\">Cos\u00ec si raggiungono posti lontani, ma con dolcezza: fuori dal finestrino c\u2019\u00e8 uno schermo reale, sul quale si vede cambiare il mondo in modo naturale. Le fumose zone industriali delle grandi citt\u00e0, i campi di sorgo, le valli tra i grandi fiumi, i graziosi monti nel sud tropicale, mentre si mangiano zuppette di noodles istantanei preparati con l\u2019acqua del bollitore comune, frutta che viene venduta in contenitori di plastica e si chiacchiera con contadini e operai dagli occhi a mandorla.<\/p>\n\n\n\n<h2 class=\"wp-block-heading\">I Balcani in treno<\/h2>\n\n\n\n<p class=\"\">A volte vale la pena prendere il treno anche solo per vivere panorami mozzafiato, come quello tra Sarajevo e Mostar, con la ferrovia che si snoda su ponti di pietra tra una galleria e un\u2019altra, molto al di sotto di noi, nelle valli, villaggi di altri tempi. Il verde \u00e8 il colore della Bosnia, come le sue foreste che ricoprono i versanti tra i quali fluiamo nel vagone dondolante. Come l&#8217;edera che si arrampica sulle lapidi del cimitero ebraico, un tempo \u2013 trent\u2019anni fa \u2013 divelte e usate come scudo dai cecchini serbi. I nomi dei morti sono crivellati, anche se la lapidi sono state rimesse al loro posto e il terreno bonificato dalle mine. Qualcuno potrebbe obiettare che il colore di Sarajevo \u00e8 il rosso, ma io direi, piuttosto, il grigio dei palazzi rimasti l\u00ec con i loro buchi in memoria del dolore passato.<\/p>\n\n\n\n<figure class=\"wp-block-image size-large\"><img decoding=\"async\" width=\"1024\" height=\"768\" loading=\"lazy\" src=\"https:\/\/letteredalloriente.com\/site\/wp-content\/uploads\/2026\/03\/83c46f50-300d-4e61-b039-ea055a61c320_3648x2736-1024x768.jpg\" alt=\"\" class=\"wp-image-424\" srcset=\"https:\/\/letteredalloriente.com\/site\/wp-content\/uploads\/2026\/03\/83c46f50-300d-4e61-b039-ea055a61c320_3648x2736-1024x768.jpg 1024w, https:\/\/letteredalloriente.com\/site\/wp-content\/uploads\/2026\/03\/83c46f50-300d-4e61-b039-ea055a61c320_3648x2736-300x225.jpg 300w, https:\/\/letteredalloriente.com\/site\/wp-content\/uploads\/2026\/03\/83c46f50-300d-4e61-b039-ea055a61c320_3648x2736-768x576.jpg 768w, https:\/\/letteredalloriente.com\/site\/wp-content\/uploads\/2026\/03\/83c46f50-300d-4e61-b039-ea055a61c320_3648x2736-1536x1152.jpg 1536w, https:\/\/letteredalloriente.com\/site\/wp-content\/uploads\/2026\/03\/83c46f50-300d-4e61-b039-ea055a61c320_3648x2736-2048x1536.jpg 2048w\" sizes=\"auto, (max-width: 1024px) 100vw, 1024px\" \/><figcaption class=\"wp-element-caption\">Tra Sarajevo e Mostar<\/figcaption><\/figure>\n\n\n\n<h3 class=\"wp-block-heading\">Tra Sarajevo e Mostar<\/h3>\n\n\n\n<p class=\"\">Il treno barcolla sui vecchi binari sospesi sui burroni. La gente si alza e si ammassa da un lato per ammirare il panorama tra un tunnel e l\u2019altro. Da un lato la montagna, dall\u2019altro il nulla. Il treno continua a scorrere tra i massicci illuminati e il blu del fiume Naretva fino a che non arriviamo nei pressi di Mostar: il cielo sui monti si annerisce e le saette rendono il paesaggio quasi spaventoso. Un fulmine colpisce una pala eolica sulla cresta di un monte, il cielo \u00e8 nero, la tempesta si abbatte su di noi. Il tempo \u00e8 cambiato repentinamente:<a href=\"https:\/\/letteredalloriente.com\/site\/viaggio-in-bosnia\/\"> poco prima potevamo assaporare tutta la bellezza della Bosnia solitaria<\/a>, dall\u2019alto del nostro treno, come degli dei. <\/p>\n\n\n\n<p class=\"\">Scorrevamo sopra e attorno i villaggi che punteggiano la catena montuosa, in bilico, poi il buio dei tunnel e poi ancora la luce, la foresta, il fiume sotto, gi\u00f9 gi\u00f9 in fondo. Siamo scesi anche noi, poco prima che scoppiasse la tempesta: eravamo al livello del fiume, cos\u00ec azzurro, al di sotto dei monti ora, prima che si oscurasse tutto e noi arrivassimo nell\u2019antica citt\u00e0 di Mostar, con il famoso ponte ad arco costruito dagli Ottomani e bombardato dai Serbi.<\/p>\n\n\n\n<p class=\"\">Il treno mi sembra davvero il modo pi\u00f9 naturale di viaggiare per una persona dei giorni nostri: un mezzo di trasporto che collega non solo luoghi lontani, am anche umanit\u00e0 lontane.<\/p>\n\n\n\n<div style=\"height:100px\" aria-hidden=\"true\" class=\"wp-block-spacer\"><\/div>\n\n\n\n<section class=\"wp-block-cover alignfull is-light\" style=\"margin-top:0px;padding-bottom:12.51rem;min-height:650px;aspect-ratio:unset;\"><img decoding=\"async\" width=\"1024\" height=\"680\" loading=\"lazy\" class=\"wp-block-cover__image-background wp-image-16 size-large\" alt=\"\" src=\"https:\/\/letteredalloriente.com\/site\/wp-content\/uploads\/2025\/05\/uzbekistan-1468911_1280-1024x680.jpg\" style=\"object-position:52% 49%\" data-object-fit=\"cover\" data-object-position=\"52% 49%\" srcset=\"https:\/\/letteredalloriente.com\/site\/wp-content\/uploads\/2025\/05\/uzbekistan-1468911_1280-1024x680.jpg 1024w, https:\/\/letteredalloriente.com\/site\/wp-content\/uploads\/2025\/05\/uzbekistan-1468911_1280-300x199.jpg 300w, https:\/\/letteredalloriente.com\/site\/wp-content\/uploads\/2025\/05\/uzbekistan-1468911_1280-768x510.jpg 768w, https:\/\/letteredalloriente.com\/site\/wp-content\/uploads\/2025\/05\/uzbekistan-1468911_1280.jpg 1280w\" sizes=\"auto, (max-width: 1024px) 100vw, 1024px\" \/><span aria-hidden=\"true\" class=\"wp-block-cover__background has-background-dim-0 has-background-dim\" style=\"background-color:#b6967c\"><\/span><div class=\"wp-block-cover__inner-container has-global-padding is-layout-constrained wp-container-core-cover-is-layout-19e6744e wp-block-cover-is-layout-constrained\">\n<div class=\"wp-block-group alignfull has-text-color has-global-padding is-layout-constrained wp-container-core-group-is-layout-6f61d7e7 wp-block-group-is-layout-constrained\" style=\"color:#252525;margin-top:0px;padding-top:0rem;padding-right:1rem;padding-bottom:0rem;padding-left:1rem;font-size:clamp(0.875rem, 0.875rem + ((1vw - 0.2rem) * 0.464), 1.13rem);font-style:normal;font-weight:400;line-height:1.4\">\n<div class=\"is-style-nfd-theme-dark wp-block-group has-background is-vertical is-content-justification-center is-layout-flex wp-container-core-group-is-layout-a02715bb wp-block-group-is-layout-flex\" style=\"background-color:#010863;padding-top:var(--wp--preset--spacing--30);padding-bottom:var(--wp--preset--spacing--30)\">\n<div class=\"wp-block-group has-global-padding is-layout-constrained wp-container-core-group-is-layout-a099c240 wp-block-group-is-layout-constrained\">\n<h3 class=\"wp-block-heading has-text-align-center has-text-color has-prata-regular-font-family\" style=\"color:#f4f5f8;margin-bottom:1.11rem;font-size:clamp(1.556rem, 1.556rem + ((1vw - 0.2rem) * 1.916), 2.61rem);font-style:normal;font-weight:400;line-height:1.2\">Iscriviti alla newsletter<\/h3>\n\n\n\n<p class=\"has-text-align-center has-text-color has-work-sans-regular-font-family\" style=\"color:#ffffff;margin-top:0rem;font-size:clamp(0.875rem, 0.875rem + ((1vw - 0.2rem) * 0.427), 1.11rem);font-style:normal;font-weight:400;line-height:1.6\"><strong>Iscriviti alla newsletter di Lettere dall&#8217;Oriente per ricevere un racconto di viaggio autentico ogni settimana<\/strong> nella tua casella postale.<\/p>\n\n\n\n<div class=\"wp-block-group is-vertical is-content-justification-stretch is-layout-flex wp-container-core-group-is-layout-be82aac6 wp-block-group-is-layout-flex\" style=\"margin-top:0rem;padding-right:0px;padding-left:0px\">\n<div class=\"wp-block-group has-global-padding is-content-justification-center is-layout-constrained wp-container-core-group-is-layout-0638dde4 wp-block-group-is-layout-constrained\" style=\"margin-top:0px\">\n<div class=\"wp-block-buttons is-horizontal is-content-justification-right is-layout-flex wp-container-core-buttons-is-layout-1b0e492f wp-block-buttons-is-layout-flex\" style=\"margin-top:2.21rem\">\n<div class=\"is-style-fill wp-block-button has-custom-width wp-block-button__width-100\"><a class=\"wp-block-button__link has-text-color has-background has-border-color has-work-sans-regular-font-family has-custom-font-size wp-element-button\" href=\"https:\/\/letteredalloriente.substack.com\/\" style=\"border-color:#041d55;border-style:solid;border-width:1px;border-radius:2.5rem;color:#07277c;background-color:#ffffff;padding-top:1.1rem;padding-right:0.81rem;padding-bottom:1.1rem;padding-left:0.81rem;font-size:clamp(0.875rem, 0.875rem + ((1vw - 0.2rem) * 0.609), 1.21rem);font-style:normal;font-weight:400;line-height:1;text-transform:capitalize\" target=\"_blank\" rel=\"noreferrer noopener\">Iscriviti ora<\/a><\/div>\n<\/div>\n<\/div>\n<\/div>\n<\/div>\n<\/div>\n<\/div>\n<\/div><\/section>\n","protected":false},"excerpt":{"rendered":"<p>\u201cBiglietto, prego. Grazie.\u201d Una delle frasi che ho sentito pi\u00f9 spesso nella mia vita. In aeroporto, sugli autobus, nei treni. Nei treni, soprattutto, questa parola ha quasi un altro sapore. Nella mia immaginazione alimentata da storie di viaggiatori del passato, il treno dovrebbe estendersi in ogni angolo del mondo, unire i popoli pi\u00f9 lontani, ma [&hellip;]<\/p>\n","protected":false},"author":1,"featured_media":421,"comment_status":"open","ping_status":"open","sticky":false,"template":"","format":"standard","meta":{"nf_dc_page":"","footnotes":""},"categories":[58,66,12],"tags":[16,20,17],"class_list":["post-420","post","type-post","status-publish","format-standard","has-post-thumbnail","hentry","category-racconti-di-viaggio","category-balcani","category-viaggi-fai-da-te","tag-viaggi-fai-da-te","tag-viaggio-indipendente","tag-viaggio-sola"],"yoast_head":"<!-- This site is optimized with the Yoast SEO plugin v27.5 - https:\/\/yoast.com\/product\/yoast-seo-wordpress\/ -->\n<title>Il mondo dietro a un finestrino - Lettere dall&#039;Oriente<\/title>\n<meta name=\"description\" content=\"A volte vale la pena prendere il treno anche solo per vivere panorami mozzafiato, come quello tra Sarajevo e Mostar: i Balcani in treno\" \/>\n<meta name=\"robots\" content=\"index, follow, max-snippet:-1, max-image-preview:large, max-video-preview:-1\" \/>\n<link rel=\"canonical\" href=\"https:\/\/letteredalloriente.com\/site\/balcani-in-treno\/\" \/>\n<meta property=\"og:locale\" content=\"en_US\" \/>\n<meta property=\"og:type\" content=\"article\" \/>\n<meta property=\"og:title\" content=\"Il mondo dietro a un finestrino - Lettere dall&#039;Oriente\" \/>\n<meta property=\"og:description\" content=\"A volte vale la pena prendere il treno anche solo per vivere panorami mozzafiato, come quello tra Sarajevo e Mostar: i Balcani in treno\" \/>\n<meta property=\"og:url\" content=\"https:\/\/letteredalloriente.com\/site\/balcani-in-treno\/\" \/>\n<meta property=\"og:site_name\" content=\"Lettere dall&#039;Oriente\" \/>\n<meta property=\"article:published_time\" content=\"2026-03-05T07:54:51+00:00\" \/>\n<meta property=\"article:modified_time\" content=\"2026-03-05T07:56:23+00:00\" \/>\n<meta property=\"og:image\" content=\"https:\/\/letteredalloriente.com\/site\/wp-content\/uploads\/2026\/03\/Viaggio-in-trenp-scaled.jpg\" \/>\n\t<meta property=\"og:image:width\" content=\"2560\" \/>\n\t<meta property=\"og:image:height\" content=\"1920\" \/>\n\t<meta property=\"og:image:type\" content=\"image\/jpeg\" \/>\n<meta name=\"author\" content=\"Lettere dall&#039;Oriente\" \/>\n<meta name=\"twitter:card\" content=\"summary_large_image\" \/>\n<meta name=\"twitter:label1\" content=\"Written by\" \/>\n\t<meta name=\"twitter:data1\" content=\"Lettere dall&#039;Oriente\" \/>\n\t<meta name=\"twitter:label2\" content=\"Est. reading time\" \/>\n\t<meta name=\"twitter:data2\" content=\"6 minutes\" \/>\n<script type=\"application\/ld+json\" class=\"yoast-schema-graph\">{\"@context\":\"https:\\\/\\\/schema.org\",\"@graph\":[{\"@type\":\"Article\",\"@id\":\"https:\\\/\\\/letteredalloriente.com\\\/site\\\/balcani-in-treno\\\/#article\",\"isPartOf\":{\"@id\":\"https:\\\/\\\/letteredalloriente.com\\\/site\\\/balcani-in-treno\\\/\"},\"author\":{\"name\":\"Lettere dall'Oriente\",\"@id\":\"https:\\\/\\\/letteredalloriente.com\\\/site\\\/#\\\/schema\\\/person\\\/358c12ace37f3a4c9b9654bacea9dd81\"},\"headline\":\"Il mondo dietro a un finestrino\",\"datePublished\":\"2026-03-05T07:54:51+00:00\",\"dateModified\":\"2026-03-05T07:56:23+00:00\",\"mainEntityOfPage\":{\"@id\":\"https:\\\/\\\/letteredalloriente.com\\\/site\\\/balcani-in-treno\\\/\"},\"wordCount\":1155,\"commentCount\":0,\"image\":{\"@id\":\"https:\\\/\\\/letteredalloriente.com\\\/site\\\/balcani-in-treno\\\/#primaryimage\"},\"thumbnailUrl\":\"https:\\\/\\\/letteredalloriente.com\\\/site\\\/wp-content\\\/uploads\\\/2026\\\/03\\\/Viaggio-in-trenp-scaled.jpg\",\"keywords\":[\"viaggi fai da te\",\"viaggio indipendente\",\"viaggio sola\"],\"articleSection\":[\"Avventure di viaggio\",\"Balcani\",\"Viaggi fai da te\"],\"inLanguage\":\"en-US\",\"potentialAction\":[{\"@type\":\"CommentAction\",\"name\":\"Comment\",\"target\":[\"https:\\\/\\\/letteredalloriente.com\\\/site\\\/balcani-in-treno\\\/#respond\"]}]},{\"@type\":\"WebPage\",\"@id\":\"https:\\\/\\\/letteredalloriente.com\\\/site\\\/balcani-in-treno\\\/\",\"url\":\"https:\\\/\\\/letteredalloriente.com\\\/site\\\/balcani-in-treno\\\/\",\"name\":\"Il mondo dietro a un finestrino - Lettere dall&#039;Oriente\",\"isPartOf\":{\"@id\":\"https:\\\/\\\/letteredalloriente.com\\\/site\\\/#website\"},\"primaryImageOfPage\":{\"@id\":\"https:\\\/\\\/letteredalloriente.com\\\/site\\\/balcani-in-treno\\\/#primaryimage\"},\"image\":{\"@id\":\"https:\\\/\\\/letteredalloriente.com\\\/site\\\/balcani-in-treno\\\/#primaryimage\"},\"thumbnailUrl\":\"https:\\\/\\\/letteredalloriente.com\\\/site\\\/wp-content\\\/uploads\\\/2026\\\/03\\\/Viaggio-in-trenp-scaled.jpg\",\"datePublished\":\"2026-03-05T07:54:51+00:00\",\"dateModified\":\"2026-03-05T07:56:23+00:00\",\"author\":{\"@id\":\"https:\\\/\\\/letteredalloriente.com\\\/site\\\/#\\\/schema\\\/person\\\/358c12ace37f3a4c9b9654bacea9dd81\"},\"description\":\"A volte vale la pena prendere il treno anche solo per vivere panorami mozzafiato, come quello tra Sarajevo e Mostar: i Balcani in treno\",\"breadcrumb\":{\"@id\":\"https:\\\/\\\/letteredalloriente.com\\\/site\\\/balcani-in-treno\\\/#breadcrumb\"},\"inLanguage\":\"en-US\",\"potentialAction\":[{\"@type\":\"ReadAction\",\"target\":[\"https:\\\/\\\/letteredalloriente.com\\\/site\\\/balcani-in-treno\\\/\"]}]},{\"@type\":\"ImageObject\",\"inLanguage\":\"en-US\",\"@id\":\"https:\\\/\\\/letteredalloriente.com\\\/site\\\/balcani-in-treno\\\/#primaryimage\",\"url\":\"https:\\\/\\\/letteredalloriente.com\\\/site\\\/wp-content\\\/uploads\\\/2026\\\/03\\\/Viaggio-in-trenp-scaled.jpg\",\"contentUrl\":\"https:\\\/\\\/letteredalloriente.com\\\/site\\\/wp-content\\\/uploads\\\/2026\\\/03\\\/Viaggio-in-trenp-scaled.jpg\",\"width\":2560,\"height\":1920,\"caption\":\"I Balcani in treno\"},{\"@type\":\"BreadcrumbList\",\"@id\":\"https:\\\/\\\/letteredalloriente.com\\\/site\\\/balcani-in-treno\\\/#breadcrumb\",\"itemListElement\":[{\"@type\":\"ListItem\",\"position\":1,\"name\":\"Home\",\"item\":\"https:\\\/\\\/letteredalloriente.com\\\/site\\\/\"},{\"@type\":\"ListItem\",\"position\":2,\"name\":\"Il mondo dietro a un finestrino\"}]},{\"@type\":\"WebSite\",\"@id\":\"https:\\\/\\\/letteredalloriente.com\\\/site\\\/#website\",\"url\":\"https:\\\/\\\/letteredalloriente.com\\\/site\\\/\",\"name\":\"Lettere dall&#039;Oriente\",\"description\":\"\",\"potentialAction\":[{\"@type\":\"SearchAction\",\"target\":{\"@type\":\"EntryPoint\",\"urlTemplate\":\"https:\\\/\\\/letteredalloriente.com\\\/site\\\/?s={search_term_string}\"},\"query-input\":{\"@type\":\"PropertyValueSpecification\",\"valueRequired\":true,\"valueName\":\"search_term_string\"}}],\"inLanguage\":\"en-US\"},{\"@type\":\"Person\",\"@id\":\"https:\\\/\\\/letteredalloriente.com\\\/site\\\/#\\\/schema\\\/person\\\/358c12ace37f3a4c9b9654bacea9dd81\",\"name\":\"Lettere dall'Oriente\",\"image\":{\"@type\":\"ImageObject\",\"inLanguage\":\"en-US\",\"@id\":\"https:\\\/\\\/secure.gravatar.com\\\/avatar\\\/b3471397ef8f2aeabdbd9f0f12ae3f7ad4692b9613edf94edb305ceeebfa3b8f?s=96&d=mm&r=g\",\"url\":\"https:\\\/\\\/secure.gravatar.com\\\/avatar\\\/b3471397ef8f2aeabdbd9f0f12ae3f7ad4692b9613edf94edb305ceeebfa3b8f?s=96&d=mm&r=g\",\"contentUrl\":\"https:\\\/\\\/secure.gravatar.com\\\/avatar\\\/b3471397ef8f2aeabdbd9f0f12ae3f7ad4692b9613edf94edb305ceeebfa3b8f?s=96&d=mm&r=g\",\"caption\":\"Lettere dall'Oriente\"},\"url\":\"https:\\\/\\\/letteredalloriente.com\\\/site\\\/author\\\/alessandranitti15\\\/\"}]}<\/script>\n<!-- \/ Yoast SEO plugin. -->","yoast_head_json":{"title":"Il mondo dietro a un finestrino - Lettere dall&#039;Oriente","description":"A volte vale la pena prendere il treno anche solo per vivere panorami mozzafiato, come quello tra Sarajevo e Mostar: i Balcani in treno","robots":{"index":"index","follow":"follow","max-snippet":"max-snippet:-1","max-image-preview":"max-image-preview:large","max-video-preview":"max-video-preview:-1"},"canonical":"https:\/\/letteredalloriente.com\/site\/balcani-in-treno\/","og_locale":"en_US","og_type":"article","og_title":"Il mondo dietro a un finestrino - Lettere dall&#039;Oriente","og_description":"A volte vale la pena prendere il treno anche solo per vivere panorami mozzafiato, come quello tra Sarajevo e Mostar: i Balcani in treno","og_url":"https:\/\/letteredalloriente.com\/site\/balcani-in-treno\/","og_site_name":"Lettere dall&#039;Oriente","article_published_time":"2026-03-05T07:54:51+00:00","article_modified_time":"2026-03-05T07:56:23+00:00","og_image":[{"width":2560,"height":1920,"url":"https:\/\/letteredalloriente.com\/site\/wp-content\/uploads\/2026\/03\/Viaggio-in-trenp-scaled.jpg","type":"image\/jpeg"}],"author":"Lettere dall'Oriente","twitter_card":"summary_large_image","twitter_misc":{"Written by":"Lettere dall'Oriente","Est. reading time":"6 minutes"},"schema":{"@context":"https:\/\/schema.org","@graph":[{"@type":"Article","@id":"https:\/\/letteredalloriente.com\/site\/balcani-in-treno\/#article","isPartOf":{"@id":"https:\/\/letteredalloriente.com\/site\/balcani-in-treno\/"},"author":{"name":"Lettere dall'Oriente","@id":"https:\/\/letteredalloriente.com\/site\/#\/schema\/person\/358c12ace37f3a4c9b9654bacea9dd81"},"headline":"Il mondo dietro a un finestrino","datePublished":"2026-03-05T07:54:51+00:00","dateModified":"2026-03-05T07:56:23+00:00","mainEntityOfPage":{"@id":"https:\/\/letteredalloriente.com\/site\/balcani-in-treno\/"},"wordCount":1155,"commentCount":0,"image":{"@id":"https:\/\/letteredalloriente.com\/site\/balcani-in-treno\/#primaryimage"},"thumbnailUrl":"https:\/\/letteredalloriente.com\/site\/wp-content\/uploads\/2026\/03\/Viaggio-in-trenp-scaled.jpg","keywords":["viaggi fai da te","viaggio indipendente","viaggio sola"],"articleSection":["Avventure di viaggio","Balcani","Viaggi fai da te"],"inLanguage":"en-US","potentialAction":[{"@type":"CommentAction","name":"Comment","target":["https:\/\/letteredalloriente.com\/site\/balcani-in-treno\/#respond"]}]},{"@type":"WebPage","@id":"https:\/\/letteredalloriente.com\/site\/balcani-in-treno\/","url":"https:\/\/letteredalloriente.com\/site\/balcani-in-treno\/","name":"Il mondo dietro a un finestrino - Lettere dall&#039;Oriente","isPartOf":{"@id":"https:\/\/letteredalloriente.com\/site\/#website"},"primaryImageOfPage":{"@id":"https:\/\/letteredalloriente.com\/site\/balcani-in-treno\/#primaryimage"},"image":{"@id":"https:\/\/letteredalloriente.com\/site\/balcani-in-treno\/#primaryimage"},"thumbnailUrl":"https:\/\/letteredalloriente.com\/site\/wp-content\/uploads\/2026\/03\/Viaggio-in-trenp-scaled.jpg","datePublished":"2026-03-05T07:54:51+00:00","dateModified":"2026-03-05T07:56:23+00:00","author":{"@id":"https:\/\/letteredalloriente.com\/site\/#\/schema\/person\/358c12ace37f3a4c9b9654bacea9dd81"},"description":"A volte vale la pena prendere il treno anche solo per vivere panorami mozzafiato, come quello tra Sarajevo e Mostar: i Balcani in treno","breadcrumb":{"@id":"https:\/\/letteredalloriente.com\/site\/balcani-in-treno\/#breadcrumb"},"inLanguage":"en-US","potentialAction":[{"@type":"ReadAction","target":["https:\/\/letteredalloriente.com\/site\/balcani-in-treno\/"]}]},{"@type":"ImageObject","inLanguage":"en-US","@id":"https:\/\/letteredalloriente.com\/site\/balcani-in-treno\/#primaryimage","url":"https:\/\/letteredalloriente.com\/site\/wp-content\/uploads\/2026\/03\/Viaggio-in-trenp-scaled.jpg","contentUrl":"https:\/\/letteredalloriente.com\/site\/wp-content\/uploads\/2026\/03\/Viaggio-in-trenp-scaled.jpg","width":2560,"height":1920,"caption":"I Balcani in treno"},{"@type":"BreadcrumbList","@id":"https:\/\/letteredalloriente.com\/site\/balcani-in-treno\/#breadcrumb","itemListElement":[{"@type":"ListItem","position":1,"name":"Home","item":"https:\/\/letteredalloriente.com\/site\/"},{"@type":"ListItem","position":2,"name":"Il mondo dietro a un finestrino"}]},{"@type":"WebSite","@id":"https:\/\/letteredalloriente.com\/site\/#website","url":"https:\/\/letteredalloriente.com\/site\/","name":"Lettere dall&#039;Oriente","description":"","potentialAction":[{"@type":"SearchAction","target":{"@type":"EntryPoint","urlTemplate":"https:\/\/letteredalloriente.com\/site\/?s={search_term_string}"},"query-input":{"@type":"PropertyValueSpecification","valueRequired":true,"valueName":"search_term_string"}}],"inLanguage":"en-US"},{"@type":"Person","@id":"https:\/\/letteredalloriente.com\/site\/#\/schema\/person\/358c12ace37f3a4c9b9654bacea9dd81","name":"Lettere dall'Oriente","image":{"@type":"ImageObject","inLanguage":"en-US","@id":"https:\/\/secure.gravatar.com\/avatar\/b3471397ef8f2aeabdbd9f0f12ae3f7ad4692b9613edf94edb305ceeebfa3b8f?s=96&d=mm&r=g","url":"https:\/\/secure.gravatar.com\/avatar\/b3471397ef8f2aeabdbd9f0f12ae3f7ad4692b9613edf94edb305ceeebfa3b8f?s=96&d=mm&r=g","contentUrl":"https:\/\/secure.gravatar.com\/avatar\/b3471397ef8f2aeabdbd9f0f12ae3f7ad4692b9613edf94edb305ceeebfa3b8f?s=96&d=mm&r=g","caption":"Lettere dall'Oriente"},"url":"https:\/\/letteredalloriente.com\/site\/author\/alessandranitti15\/"}]}},"_links":{"self":[{"href":"https:\/\/letteredalloriente.com\/site\/wp-json\/wp\/v2\/posts\/420","targetHints":{"allow":["GET"]}}],"collection":[{"href":"https:\/\/letteredalloriente.com\/site\/wp-json\/wp\/v2\/posts"}],"about":[{"href":"https:\/\/letteredalloriente.com\/site\/wp-json\/wp\/v2\/types\/post"}],"author":[{"embeddable":true,"href":"https:\/\/letteredalloriente.com\/site\/wp-json\/wp\/v2\/users\/1"}],"replies":[{"embeddable":true,"href":"https:\/\/letteredalloriente.com\/site\/wp-json\/wp\/v2\/comments?post=420"}],"version-history":[{"count":3,"href":"https:\/\/letteredalloriente.com\/site\/wp-json\/wp\/v2\/posts\/420\/revisions"}],"predecessor-version":[{"id":427,"href":"https:\/\/letteredalloriente.com\/site\/wp-json\/wp\/v2\/posts\/420\/revisions\/427"}],"wp:featuredmedia":[{"embeddable":true,"href":"https:\/\/letteredalloriente.com\/site\/wp-json\/wp\/v2\/media\/421"}],"wp:attachment":[{"href":"https:\/\/letteredalloriente.com\/site\/wp-json\/wp\/v2\/media?parent=420"}],"wp:term":[{"taxonomy":"category","embeddable":true,"href":"https:\/\/letteredalloriente.com\/site\/wp-json\/wp\/v2\/categories?post=420"},{"taxonomy":"post_tag","embeddable":true,"href":"https:\/\/letteredalloriente.com\/site\/wp-json\/wp\/v2\/tags?post=420"}],"curies":[{"name":"wp","href":"https:\/\/api.w.org\/{rel}","templated":true}]}}