{"id":429,"date":"2026-03-05T08:16:05","date_gmt":"2026-03-05T08:16:05","guid":{"rendered":"https:\/\/letteredalloriente.com\/site\/?p=429"},"modified":"2026-03-05T08:19:21","modified_gmt":"2026-03-05T08:19:21","slug":"viaggio-in-solitaria","status":"publish","type":"post","link":"https:\/\/letteredalloriente.com\/site\/viaggio-in-solitaria\/","title":{"rendered":"Viaggio in solitaria"},"content":{"rendered":"\n<h5 class=\"wp-block-heading\">Ovvero, uno dei tanti<\/h5>\n\n\n\n<p class=\"\">Quando ripenso ai momenti pi\u00f9 felici della mia vita mi vengono in mente le immagini di un viaggio in solitaria con me stessa ventiseienne che scivola su una barchetta di legno nel Mekong, che pedala da sola nella notte senza luci di un\u2019isola fluviale e semi deserta in Laos dopo una festa con vecchi hippie di un\u2019altra epoca, che ammira i laghi celesti del Tibet, che fluttua nel caos dorato dell\u2019ombelico del mondo \u2013 Istanbul \u2013 che passeggia tra i palazzi bizantineggianti di Venezia. Sempre in Oriente. S\u00ec, anche Venezia \u00e8 Oriente: \u00e8 la porta secolare tra l\u2019Occidente perbene e il misto di etnie, lingue e spezie dell\u2019Est.<\/p>\n\n\n\n<p class=\"\">Nei secoli la Serenissima Repubblica di Venezia \u00e8 stata la sorella rivale di Costantinopoli, entrambe tese verso l\u2019egemonia sul Mediterraneo, entrambe un miscuglio di innumerevoli popoli, entrambe opulente e dalle cupole e le torri dorate. Il leone e la mezzaluna in perenne lotta. Oggi sembrano essersi scordate del loro legame durato 500 anni e della loro profonda somiglianza.<\/p>\n\n\n\n<figure class=\"wp-block-image size-large\"><img decoding=\"async\" width=\"768\" height=\"1024\" loading=\"lazy\" src=\"https:\/\/letteredalloriente.com\/site\/wp-content\/uploads\/2026\/03\/image-768x1024.jpg\" alt=\"\" class=\"wp-image-430\" srcset=\"https:\/\/letteredalloriente.com\/site\/wp-content\/uploads\/2026\/03\/image-768x1024.jpg 768w, https:\/\/letteredalloriente.com\/site\/wp-content\/uploads\/2026\/03\/image-225x300.jpg 225w, https:\/\/letteredalloriente.com\/site\/wp-content\/uploads\/2026\/03\/image-1152x1536.jpg 1152w, https:\/\/letteredalloriente.com\/site\/wp-content\/uploads\/2026\/03\/image-1536x2048.jpg 1536w, https:\/\/letteredalloriente.com\/site\/wp-content\/uploads\/2026\/03\/image-scaled.jpg 1920w\" sizes=\"auto, (max-width: 768px) 100vw, 768px\" \/><\/figure>\n\n\n\n<p class=\"\">Il Mediterraneo, l\u2019acqua, la storia, le ambizioni, l\u2019essere un crogiolo di genti diverse, le isole, i ricordi, lo stile fluttuante, le curve dell\u2019architettura, i gabbiani, i vaporetti, l\u2019odore di pesce e mare, la brezza, la vita in barca. \u00c8 per questo che a Istanbul mi sono sentita tanto a casa, tanto bene, nonostante fossi in solitaria. D\u2019altronde, si \u00e8 davvero soli quando si \u00e8 in viaggio?<\/p>\n\n\n\n<p class=\"\">Nell\u2019antica Costantinopoli sono stata sola, ma non \u00e8 stato il mio unico viaggio di questo tipo. Ogni tot devo assolutamente partire per un viaggetto con me stessa. Si pu\u00f2 \u2013 e a ragione \u2013 pensare che sia triste. Non nego che ci sono sempre momenti di solitudine e di sconforto, ma poi passano. Gli affetti sono una componente importante per gli esseri umani.<\/p>\n\n\n\n<h3 class=\"wp-block-heading\">Perch\u00e9 partire per un viaggio in solitaria<\/h3>\n\n\n\n<p class=\"\">Gli spostamenti in solitaria, tuttavia, sono un\u2019altra cosa: di certo non sono una vacanza, come pensano molte persone quando sentono la parola \u201cviaggio\u201d. Questo in realt\u00e0 vale in generale, viaggio e vacanza sono due cose opposte. Il viaggio in solitaria inoltre, \u00e8 tutto fuorch\u00e9 un rilassante intermezzo tra gli impegni della vita. Ci sono vari motivi per cui si viaggia da soli: il primo e pi\u00f9 banale \u00e8 che non si trova la compagnia per quella determinata escursione. Non tutti lavorano online, non tutti hanno i mezzi economici e la disponibilit\u00e0 temporale per spostarsi all\u2019improvviso, n\u00e9 ne hanno la voglia. In questo caso si pu\u00f2 o rinunciare al viaggio o partire comunque.<\/p>\n\n\n\n<p class=\"\">Un\u2019altra ragione per cui si viaggia da soli \u00e8 che ci si pu\u00f2 godere il viaggio esattamente come si vuole. Per me i viaggi di gruppo sono tab\u00f9: troppe teste da accordare e troppi bisogni differenti. Il massimo \u00e8 viaggiare in due. Eppure a volte proprio non si ha voglia di adattarsi alle esigenze dell&#8217;altro e quindi crearsi un viaggio su misura pu\u00f2 essere un\u2019esperienza interessante.<a href=\"https:\/\/substackcdn.com\/image\/fetch\/$s_!iJG_!,f_auto,q_auto:good,fl_progressive:steep\/https%3A%2F%2Fsubstack-post-media.s3.amazonaws.com%2Fpublic%2Fimages%2F67dbd93a-6af3-4ebd-b0e9-04854bfcbb08_4032x3024.jpeg\" target=\"_blank\" rel=\"noreferrer noopener\"><\/a><\/p>\n\n\n\n<figure class=\"wp-block-image size-large\"><img decoding=\"async\" width=\"1024\" height=\"768\" loading=\"lazy\" src=\"https:\/\/letteredalloriente.com\/site\/wp-content\/uploads\/2026\/03\/image-1-1-1024x768.jpg\" alt=\"\" class=\"wp-image-431\" srcset=\"https:\/\/letteredalloriente.com\/site\/wp-content\/uploads\/2026\/03\/image-1-1-1024x768.jpg 1024w, https:\/\/letteredalloriente.com\/site\/wp-content\/uploads\/2026\/03\/image-1-1-300x225.jpg 300w, https:\/\/letteredalloriente.com\/site\/wp-content\/uploads\/2026\/03\/image-1-1-768x576.jpg 768w, https:\/\/letteredalloriente.com\/site\/wp-content\/uploads\/2026\/03\/image-1-1-1536x1152.jpg 1536w, https:\/\/letteredalloriente.com\/site\/wp-content\/uploads\/2026\/03\/image-1-1-2048x1536.jpg 2048w\" sizes=\"auto, (max-width: 1024px) 100vw, 1024px\" \/><\/figure>\n\n\n\n<p class=\"\">Si viaggia in solitaria anche per stare con se stessi, per conoscersi, per dialogare interiormente, per ritagliarsi del tempo solo per s\u00e9 altrimenti impossibile tra impegni lavorativi, sociali e tutte quelle piccole attivit\u00e0 quotidiane \u2013 come pagare le bollette e fare la spesa \u2013 essenziali, ma che ci fanno distogliere l\u2019attenzione su ci\u00f2 che \u00e8 davvero importante: il nostro mondo interiore.<\/p>\n\n\n\n<p class=\"\">Di solito parto per il primo motivo: mi viene voglia di viaggiare a gennaio \u2013 quando tutti sono gi\u00e0 rientrati dalle vacanze di Natale \u2013 o ad ottobre\/novembre, nel bel mezzo della stagione lavorativa e scolastica. Per\u00f2 poi, inevitabilmente, mi ritrovo a focalizzarmi sulla terza ragione: il dialogo con me stessa. Quando si viaggia da soli si scopre di avere un\u2019infinit\u00e0 di tempo: sono sempre 1440 minuti in un giorno, ma sono dilatati; pu\u00f2 essere un bene o un male, a seconda di come ci si sente. Anche lavorando, perch\u00e9 non viaggio mai senza il mio computer, il lavoro e la scrittura, ho comunque sempre troppo tempo.<\/p>\n\n\n\n<h2 class=\"wp-block-heading\">Viaggio in solitaria: intorno al Mar Nero<\/h2>\n\n\n\n<p class=\"\">A Istanbul avevo preso una bella routine: alloggiavo nel quartiere giovane e alternativo, Kad\u0131k\u00f6y, sulla sponda asiatica della citt\u00e0. \u00c8 un luogo speciale, costellato di locali di tutti i tipi, di migliaia di gatti randagi, musica e murales. La mattina sedevo al caff\u00e8 Kuff, all\u2019aperto, sotto le pareti esterne dai colori sgargianti per lavorare, bere chai e rimpinzarmi di colazioni turche: ti servono un grande piatto con olive, verdure cotte, pomodori, cetrioli, formaggio fresco, frittata, pane, burro, marmellata, miele. Sono cos\u00ec abbondanti che bastano anche per il pranzo e hanno un prezzo ridicolo: tra i 4 e i 6 euro. Stavo l\u00ec ore a godermi la brezza estiva proveniente dal Bosforo, la deliziosa cucina turca e il mio lavoro, che ho la fortuna di non vedere quasi mai come un dovere, bens\u00ec come un piacere.<\/p>\n\n\n\n<p class=\"\">Il pomeriggio \u2013 vorrei poter dire dopo pranzo, ma non pranzavo mai dopo tali colazioni \u2013 prendevo il battello e me ne andavo a zonzo per la metropoli euroasiatica. Esploravo i mercati di spezie, colorati e odorosi, file e file di banchi esponevano torri di polveri aromatiche, dolci che luccicavano di miele e pistacchio quasi pi\u00f9 dei gioielli nelle vetrine di fronte, grida dei venditori, assaggi di t\u00e8 afrodisiaci, bigliettini da visita che mi piovevano tra le mani e che buttavo nella spazzatura appena uscita dai moderni caravanserragli.<\/p>\n\n\n\n<figure class=\"wp-block-image size-large\"><img decoding=\"async\" width=\"1024\" height=\"768\" loading=\"lazy\" src=\"https:\/\/letteredalloriente.com\/site\/wp-content\/uploads\/2026\/03\/image-3-1024x768.jpg\" alt=\"Viaggio in solitaria\" class=\"wp-image-434\" srcset=\"https:\/\/letteredalloriente.com\/site\/wp-content\/uploads\/2026\/03\/image-3-1024x768.jpg 1024w, https:\/\/letteredalloriente.com\/site\/wp-content\/uploads\/2026\/03\/image-3-300x225.jpg 300w, https:\/\/letteredalloriente.com\/site\/wp-content\/uploads\/2026\/03\/image-3-768x576.jpg 768w, https:\/\/letteredalloriente.com\/site\/wp-content\/uploads\/2026\/03\/image-3-1536x1152.jpg 1536w, https:\/\/letteredalloriente.com\/site\/wp-content\/uploads\/2026\/03\/image-3-2048x1536.jpg 2048w\" sizes=\"auto, (max-width: 1024px) 100vw, 1024px\" \/><figcaption class=\"wp-element-caption\">Il porto di Odessa<br><\/figcaption><\/figure>\n\n\n\n<h3 class=\"wp-block-heading\">Da Kyiv a Varna<\/h3>\n\n\n\n<p class=\"\">Passeggiavo tutta sola e immersa nei miei pensieri sul Mar di Marmara, figlio del Mediterraneo da un lato e del Mar Nero dall\u2019altro. Sono affezionata al Mar Nero. \u00c8 il mare ucraino. Sapevo che esattamente sull\u2019altra sponda la flotta russa bombardava Odessa e torturava gli abitanti della regione di Kherson. L\u2019avevo amato, il Mar Nero. Quando mi stancavo della vita cittadina di Kyiv, preparavo il mio solito zaino e<a href=\"https:\/\/letteredalloriente.com\/site\/balcani-in-treno\/\" target=\"_blank\" rel=\"noreferrer noopener\"> prenotavo una cuccetta in un treno notturno <\/a>che attraversava da Nord a Sud l\u2019Ucraina, piatta come se ci avessero passato un matterello, per risvegliarmi sulle sponde di quel mare misterioso, piccolo eppure circondato da civilt\u00e0 tutte diverse tra loro. Amavo andare in un caff\u00e8 qualsiasi a fare colazione con i\u00a0<em>syrniky<\/em>\u00a0\u2013 frittelle di formaggio \u2013 e marmellata.<\/p>\n\n\n\n<p class=\"\">Avevo passato bei momenti a passeggiare da sola nei giardini che costeggiano tutto il lato sud della citt\u00e0, ad ammirare l\u2019orizzonte dalla scala Potemkin, a osservare le navi cargo dal porto di Odessa con la statua di una mamma e di un bambino che salutano i marinai. Da l\u00ec partivano navi che avrebbero sfamato l\u2019Europa e il Nord-Africa, grazie all\u2019abbondanza della terra ucraina. Forse la statua di quella mamma stava a significare proprio questo: chi se non una mamma si preoccupa di sfamare i propri figli? Ora quelle navi sono bloccate, il porto assediato, gli abitanti in pericolo di vita sotto i missili e le atrocit\u00e0 russe. A questo pensavo quando ero dall\u2019altra parte del Mar Nero.<\/p>\n\n\n\n<p class=\"\">Ricordavo anche un altro momento speciale trascorso con me stessa. Era accaduto l\u2019anno precedente: abitavo ancora a Kyiv e dovevo raggiungere la mia amica Alessia a Sofia. La distanza via terra \u00e8 notevole eppure non avevo nessuna voglia di prendere aerei: la guerra non era neanche immaginata e le strade erano sicure. Come al mio solito ho preso un treno notturno dalla capitale ucraina a Odessa, ne ho approfittato per mangiare i\u00a0<em>syrniky<\/em>\u00a0e passeggiare al sole aspirando l\u2019odore salmastro misto a quello del petrolio proprio delle citt\u00e0 portuali.<\/p>\n\n\n\n<p class=\"\">Il parco Shevchenko di Odessa \u00e8 un paradiso di pace, con i sentieri tra gli alberi che pare di essere in campagna, la fiaccola ai martiri del 2014 che non si spegne mai e la discesa verso il mare accompagnata da musicisti di strada biondi, pallidi e allegri. Chiss\u00e0 dove sono quei ragazzi, chiss\u00e0 se stanno combattendo contro l\u2019invasore, chiss\u00e0 se sono ancora vivi, chiss\u00e0 se provano a fare musica per allietare il dolore dei concittadini.<\/p>\n\n\n\n<figure class=\"wp-block-image size-large\"><img decoding=\"async\" width=\"768\" height=\"1024\" loading=\"lazy\" src=\"https:\/\/letteredalloriente.com\/site\/wp-content\/uploads\/2026\/03\/image-4-768x1024.jpg\" alt=\"Viaggio in solitaria\" class=\"wp-image-432\" srcset=\"https:\/\/letteredalloriente.com\/site\/wp-content\/uploads\/2026\/03\/image-4-768x1024.jpg 768w, https:\/\/letteredalloriente.com\/site\/wp-content\/uploads\/2026\/03\/image-4-225x300.jpg 225w, https:\/\/letteredalloriente.com\/site\/wp-content\/uploads\/2026\/03\/image-4-1152x1536.jpg 1152w, https:\/\/letteredalloriente.com\/site\/wp-content\/uploads\/2026\/03\/image-4.jpg 1200w\" sizes=\"auto, (max-width: 768px) 100vw, 768px\" \/><figcaption class=\"wp-element-caption\">A cavallo in Kirghizistan<\/figcaption><\/figure>\n\n\n\n<h3 class=\"wp-block-heading\">I regali del viaggio<\/h3>\n\n\n\n<p class=\"\">Quel pomeriggio ho lasciato Odessa per prendere un bus verso Varna, disegnando un semicerchio lungo la costa occidentale del Mar Nero. 16 ore di autobus. Sono approdata in Bulgaria la mattina seguente, dopo due notti trascorse sui mezzi di trasporto. Dormo bene sui mezzi, quindi non ero molto stanca. Ma ero sudata, questo s\u00ec, ed era troppo presto per poter fare il check-in nel bed&amp;breakfast e darmi una lavata. In Bulgaria, poi, faceva un caldo assassino. Ho iniziato a camminare all\u2019ombra del parco sul lungomare: una peculiarit\u00e0 delle citt\u00e0 affacciate sul Mar Nero. Vedevo le persone nuotare e prendere il sole. Non avevo il costume con me, era nello zaino lasciato alla reception.<\/p>\n\n\n\n<p class=\"\">I tuffi non programmati sono sempre i pi\u00f9 belli: mi sono tolta gonna e scarpe, rimanendo in mutande e top e mi sono semplicemente tuffata, togliendo di dosso tutto lo sporco degli ultimi due giorni di viaggio. \u00c8 stato bellissimo. Ho nuotato con addosso quel senso di libert\u00e0 che si prova solo quando si viaggia da soli e quella sensazione corroborante che si sente solo quando ci si stanca troppo perch\u00e9 si viaggia in modo scomodo. Poi mi sono asciugata al sole sulle rocce nude, ch\u00e9 non avevo teli o asciugamani con me.<\/p>\n\n\n\n<p class=\"\"><a href=\"https:\/\/letteredalloriente.substack.com\/p\/sono-una-donna-e-viaggio-sola\" target=\"_blank\" rel=\"noreferrer noopener\">Questi sono i momenti pi\u00f9 felici della vita: quando il viaggio, soprattutto in solitaria, prende pieghe inaspettate. <\/a>Quando mi faccio dei regali, quando trascorro del tempo di qualit\u00e0 con me stessa, quando cammino e cammino lungo il mare, tra i vicoli della citt\u00e0 vecchia di Istanbul, assaggiando un nuovo piatto seduta al ristorante da sola, sotto i minareti d\u2019oro o in un tempio asiatico, quando mi tuffo in mare senza averlo programmato, quando mi racconto storie. Quando mi siedo in un caff\u00e8 su cuscini o su tappeti l\u2019uno sull\u2019altro e scrivo il mio diario, ogni tanto lancio uno sguardo oltre la finestra per osservare la vita di gente dai tratti diversi.<\/p>\n\n\n\n<p class=\"\">Viaggiare da sola \u00e8 tutto questo, \u00e8 un regalo che si fa a se stessi, \u00e8 un dire \u201cs\u00ec, io mi voglio bene e mi dono&nbsp; la bellezza che merito\u201d.<\/p>\n\n\n\n<div style=\"height:100px\" aria-hidden=\"true\" class=\"wp-block-spacer\"><\/div>\n\n\n\n<section class=\"wp-block-cover alignfull is-light\" style=\"margin-top:0px;padding-bottom:12.51rem;min-height:650px;aspect-ratio:unset;\"><img decoding=\"async\" width=\"1024\" height=\"680\" loading=\"lazy\" class=\"wp-block-cover__image-background wp-image-16 size-large\" alt=\"\" src=\"https:\/\/letteredalloriente.com\/site\/wp-content\/uploads\/2025\/05\/uzbekistan-1468911_1280-1024x680.jpg\" style=\"object-position:52% 49%\" data-object-fit=\"cover\" data-object-position=\"52% 49%\" srcset=\"https:\/\/letteredalloriente.com\/site\/wp-content\/uploads\/2025\/05\/uzbekistan-1468911_1280-1024x680.jpg 1024w, https:\/\/letteredalloriente.com\/site\/wp-content\/uploads\/2025\/05\/uzbekistan-1468911_1280-300x199.jpg 300w, https:\/\/letteredalloriente.com\/site\/wp-content\/uploads\/2025\/05\/uzbekistan-1468911_1280-768x510.jpg 768w, https:\/\/letteredalloriente.com\/site\/wp-content\/uploads\/2025\/05\/uzbekistan-1468911_1280.jpg 1280w\" sizes=\"auto, (max-width: 1024px) 100vw, 1024px\" \/><span aria-hidden=\"true\" class=\"wp-block-cover__background has-background-dim-0 has-background-dim\" style=\"background-color:#b6967c\"><\/span><div class=\"wp-block-cover__inner-container has-global-padding is-layout-constrained wp-container-core-cover-is-layout-19e6744e wp-block-cover-is-layout-constrained\">\n<div class=\"wp-block-group alignfull has-text-color has-global-padding is-layout-constrained wp-container-core-group-is-layout-6f61d7e7 wp-block-group-is-layout-constrained\" style=\"color:#252525;margin-top:0px;padding-top:0rem;padding-right:1rem;padding-bottom:0rem;padding-left:1rem;font-size:clamp(0.875rem, 0.875rem + ((1vw - 0.2rem) * 0.464), 1.13rem);font-style:normal;font-weight:400;line-height:1.4\">\n<div class=\"is-style-nfd-theme-dark wp-block-group has-background is-vertical is-content-justification-center is-layout-flex wp-container-core-group-is-layout-a02715bb wp-block-group-is-layout-flex\" style=\"background-color:#010863;padding-top:var(--wp--preset--spacing--30);padding-bottom:var(--wp--preset--spacing--30)\">\n<div class=\"wp-block-group has-global-padding is-layout-constrained wp-container-core-group-is-layout-a099c240 wp-block-group-is-layout-constrained\">\n<h3 class=\"wp-block-heading has-text-align-center has-text-color has-prata-regular-font-family\" style=\"color:#f4f5f8;margin-bottom:1.11rem;font-size:clamp(1.556rem, 1.556rem + ((1vw - 0.2rem) * 1.916), 2.61rem);font-style:normal;font-weight:400;line-height:1.2\">Iscriviti alla newsletter<\/h3>\n\n\n\n<p class=\"has-text-align-center has-text-color has-work-sans-regular-font-family\" style=\"color:#ffffff;margin-top:0rem;font-size:clamp(0.875rem, 0.875rem + ((1vw - 0.2rem) * 0.427), 1.11rem);font-style:normal;font-weight:400;line-height:1.6\"><strong>Iscriviti alla newsletter di Lettere dall&#8217;Oriente per ricevere un racconto di viaggio autentico ogni settimana<\/strong> nella tua casella postale.<\/p>\n\n\n\n<div class=\"wp-block-group is-vertical is-content-justification-stretch is-layout-flex wp-container-core-group-is-layout-be82aac6 wp-block-group-is-layout-flex\" style=\"margin-top:0rem;padding-right:0px;padding-left:0px\">\n<div class=\"wp-block-group has-global-padding is-content-justification-center is-layout-constrained wp-container-core-group-is-layout-0638dde4 wp-block-group-is-layout-constrained\" style=\"margin-top:0px\">\n<div class=\"wp-block-buttons is-horizontal is-content-justification-right is-layout-flex wp-container-core-buttons-is-layout-1b0e492f wp-block-buttons-is-layout-flex\" style=\"margin-top:2.21rem\">\n<div class=\"is-style-fill wp-block-button has-custom-width wp-block-button__width-100\"><a class=\"wp-block-button__link has-text-color has-background has-border-color has-work-sans-regular-font-family has-custom-font-size wp-element-button\" href=\"https:\/\/letteredalloriente.substack.com\/\" style=\"border-color:#041d55;border-style:solid;border-width:1px;border-radius:2.5rem;color:#07277c;background-color:#ffffff;padding-top:1.1rem;padding-right:0.81rem;padding-bottom:1.1rem;padding-left:0.81rem;font-size:clamp(0.875rem, 0.875rem + ((1vw - 0.2rem) * 0.609), 1.21rem);font-style:normal;font-weight:400;line-height:1;text-transform:capitalize\" target=\"_blank\" rel=\"noreferrer noopener\">Iscriviti ora<\/a><\/div>\n<\/div>\n<\/div>\n<\/div>\n<\/div>\n<\/div>\n<\/div>\n<\/div><\/section>\n","protected":false},"excerpt":{"rendered":"<p>Ovvero, uno dei tanti Quando ripenso ai momenti pi\u00f9 felici della mia vita mi vengono in mente le immagini di un viaggio in solitaria con me stessa ventiseienne che scivola su una barchetta di legno nel Mekong, che pedala da sola nella notte senza luci di un\u2019isola fluviale e semi deserta in Laos dopo una [&hellip;]<\/p>\n","protected":false},"author":1,"featured_media":433,"comment_status":"open","ping_status":"open","sticky":false,"template":"","format":"standard","meta":{"nf_dc_page":"","footnotes":""},"categories":[58,66,67],"tags":[18,16,20,17],"class_list":["post-429","post","type-post","status-publish","format-standard","has-post-thumbnail","hentry","category-racconti-di-viaggio","category-balcani","category-turchia","tag-escursionismo","tag-viaggi-fai-da-te","tag-viaggio-indipendente","tag-viaggio-sola"],"yoast_head":"<!-- This site is optimized with the Yoast SEO plugin v27.5 - https:\/\/yoast.com\/product\/yoast-seo-wordpress\/ -->\n<title>Viaggio in solitaria - Lettere dall&#039;Oriente<\/title>\n<meta name=\"description\" content=\"Quando ripenso ai momenti pi\u00f9 felici della mia vita penso al viaggio di solitaria. Tra Estremo Oriente, Asia Centrale e Balcani: la mia storia\" \/>\n<meta name=\"robots\" content=\"index, follow, max-snippet:-1, max-image-preview:large, max-video-preview:-1\" \/>\n<link rel=\"canonical\" href=\"https:\/\/letteredalloriente.com\/site\/viaggio-in-solitaria\/\" \/>\n<meta property=\"og:locale\" content=\"en_US\" \/>\n<meta property=\"og:type\" content=\"article\" \/>\n<meta property=\"og:title\" content=\"Viaggio in solitaria - Lettere dall&#039;Oriente\" \/>\n<meta property=\"og:description\" content=\"Quando ripenso ai momenti pi\u00f9 felici della mia vita penso al viaggio di solitaria. Tra Estremo Oriente, Asia Centrale e Balcani: la mia storia\" \/>\n<meta property=\"og:url\" content=\"https:\/\/letteredalloriente.com\/site\/viaggio-in-solitaria\/\" \/>\n<meta property=\"og:site_name\" content=\"Lettere dall&#039;Oriente\" \/>\n<meta property=\"article:published_time\" content=\"2026-03-05T08:16:05+00:00\" \/>\n<meta property=\"article:modified_time\" content=\"2026-03-05T08:19:21+00:00\" \/>\n<meta property=\"og:image\" content=\"https:\/\/letteredalloriente.com\/site\/wp-content\/uploads\/2026\/03\/image-5-scaled.jpg\" \/>\n\t<meta property=\"og:image:width\" content=\"2560\" \/>\n\t<meta property=\"og:image:height\" content=\"1923\" \/>\n\t<meta property=\"og:image:type\" content=\"image\/jpeg\" \/>\n<meta name=\"author\" content=\"Lettere dall&#039;Oriente\" \/>\n<meta name=\"twitter:card\" content=\"summary_large_image\" \/>\n<meta name=\"twitter:label1\" content=\"Written by\" \/>\n\t<meta name=\"twitter:data1\" content=\"Lettere dall&#039;Oriente\" \/>\n\t<meta name=\"twitter:label2\" content=\"Est. reading time\" \/>\n\t<meta name=\"twitter:data2\" content=\"9 minutes\" \/>\n<script type=\"application\/ld+json\" class=\"yoast-schema-graph\">{\"@context\":\"https:\\\/\\\/schema.org\",\"@graph\":[{\"@type\":\"Article\",\"@id\":\"https:\\\/\\\/letteredalloriente.com\\\/site\\\/viaggio-in-solitaria\\\/#article\",\"isPartOf\":{\"@id\":\"https:\\\/\\\/letteredalloriente.com\\\/site\\\/viaggio-in-solitaria\\\/\"},\"author\":{\"name\":\"Lettere dall'Oriente\",\"@id\":\"https:\\\/\\\/letteredalloriente.com\\\/site\\\/#\\\/schema\\\/person\\\/358c12ace37f3a4c9b9654bacea9dd81\"},\"headline\":\"Viaggio in solitaria\",\"datePublished\":\"2026-03-05T08:16:05+00:00\",\"dateModified\":\"2026-03-05T08:19:21+00:00\",\"mainEntityOfPage\":{\"@id\":\"https:\\\/\\\/letteredalloriente.com\\\/site\\\/viaggio-in-solitaria\\\/\"},\"wordCount\":1685,\"commentCount\":0,\"image\":{\"@id\":\"https:\\\/\\\/letteredalloriente.com\\\/site\\\/viaggio-in-solitaria\\\/#primaryimage\"},\"thumbnailUrl\":\"https:\\\/\\\/letteredalloriente.com\\\/site\\\/wp-content\\\/uploads\\\/2026\\\/03\\\/image-5-scaled.jpg\",\"keywords\":[\"escursionismo\",\"viaggi fai da te\",\"viaggio indipendente\",\"viaggio sola\"],\"articleSection\":[\"Avventure di viaggio\",\"Balcani\",\"Turchia\"],\"inLanguage\":\"en-US\",\"potentialAction\":[{\"@type\":\"CommentAction\",\"name\":\"Comment\",\"target\":[\"https:\\\/\\\/letteredalloriente.com\\\/site\\\/viaggio-in-solitaria\\\/#respond\"]}]},{\"@type\":\"WebPage\",\"@id\":\"https:\\\/\\\/letteredalloriente.com\\\/site\\\/viaggio-in-solitaria\\\/\",\"url\":\"https:\\\/\\\/letteredalloriente.com\\\/site\\\/viaggio-in-solitaria\\\/\",\"name\":\"Viaggio in solitaria - Lettere dall&#039;Oriente\",\"isPartOf\":{\"@id\":\"https:\\\/\\\/letteredalloriente.com\\\/site\\\/#website\"},\"primaryImageOfPage\":{\"@id\":\"https:\\\/\\\/letteredalloriente.com\\\/site\\\/viaggio-in-solitaria\\\/#primaryimage\"},\"image\":{\"@id\":\"https:\\\/\\\/letteredalloriente.com\\\/site\\\/viaggio-in-solitaria\\\/#primaryimage\"},\"thumbnailUrl\":\"https:\\\/\\\/letteredalloriente.com\\\/site\\\/wp-content\\\/uploads\\\/2026\\\/03\\\/image-5-scaled.jpg\",\"datePublished\":\"2026-03-05T08:16:05+00:00\",\"dateModified\":\"2026-03-05T08:19:21+00:00\",\"author\":{\"@id\":\"https:\\\/\\\/letteredalloriente.com\\\/site\\\/#\\\/schema\\\/person\\\/358c12ace37f3a4c9b9654bacea9dd81\"},\"description\":\"Quando ripenso ai momenti pi\u00f9 felici della mia vita penso al viaggio di solitaria. Tra Estremo Oriente, Asia Centrale e Balcani: la mia storia\",\"breadcrumb\":{\"@id\":\"https:\\\/\\\/letteredalloriente.com\\\/site\\\/viaggio-in-solitaria\\\/#breadcrumb\"},\"inLanguage\":\"en-US\",\"potentialAction\":[{\"@type\":\"ReadAction\",\"target\":[\"https:\\\/\\\/letteredalloriente.com\\\/site\\\/viaggio-in-solitaria\\\/\"]}]},{\"@type\":\"ImageObject\",\"inLanguage\":\"en-US\",\"@id\":\"https:\\\/\\\/letteredalloriente.com\\\/site\\\/viaggio-in-solitaria\\\/#primaryimage\",\"url\":\"https:\\\/\\\/letteredalloriente.com\\\/site\\\/wp-content\\\/uploads\\\/2026\\\/03\\\/image-5-scaled.jpg\",\"contentUrl\":\"https:\\\/\\\/letteredalloriente.com\\\/site\\\/wp-content\\\/uploads\\\/2026\\\/03\\\/image-5-scaled.jpg\",\"width\":2560,\"height\":1923,\"caption\":\"Birra in solitaria alla stazione dei bus di Sofia, Bulgaria\"},{\"@type\":\"BreadcrumbList\",\"@id\":\"https:\\\/\\\/letteredalloriente.com\\\/site\\\/viaggio-in-solitaria\\\/#breadcrumb\",\"itemListElement\":[{\"@type\":\"ListItem\",\"position\":1,\"name\":\"Home\",\"item\":\"https:\\\/\\\/letteredalloriente.com\\\/site\\\/\"},{\"@type\":\"ListItem\",\"position\":2,\"name\":\"Viaggio in solitaria\"}]},{\"@type\":\"WebSite\",\"@id\":\"https:\\\/\\\/letteredalloriente.com\\\/site\\\/#website\",\"url\":\"https:\\\/\\\/letteredalloriente.com\\\/site\\\/\",\"name\":\"Lettere dall&#039;Oriente\",\"description\":\"\",\"potentialAction\":[{\"@type\":\"SearchAction\",\"target\":{\"@type\":\"EntryPoint\",\"urlTemplate\":\"https:\\\/\\\/letteredalloriente.com\\\/site\\\/?s={search_term_string}\"},\"query-input\":{\"@type\":\"PropertyValueSpecification\",\"valueRequired\":true,\"valueName\":\"search_term_string\"}}],\"inLanguage\":\"en-US\"},{\"@type\":\"Person\",\"@id\":\"https:\\\/\\\/letteredalloriente.com\\\/site\\\/#\\\/schema\\\/person\\\/358c12ace37f3a4c9b9654bacea9dd81\",\"name\":\"Lettere dall'Oriente\",\"image\":{\"@type\":\"ImageObject\",\"inLanguage\":\"en-US\",\"@id\":\"https:\\\/\\\/secure.gravatar.com\\\/avatar\\\/b3471397ef8f2aeabdbd9f0f12ae3f7ad4692b9613edf94edb305ceeebfa3b8f?s=96&d=mm&r=g\",\"url\":\"https:\\\/\\\/secure.gravatar.com\\\/avatar\\\/b3471397ef8f2aeabdbd9f0f12ae3f7ad4692b9613edf94edb305ceeebfa3b8f?s=96&d=mm&r=g\",\"contentUrl\":\"https:\\\/\\\/secure.gravatar.com\\\/avatar\\\/b3471397ef8f2aeabdbd9f0f12ae3f7ad4692b9613edf94edb305ceeebfa3b8f?s=96&d=mm&r=g\",\"caption\":\"Lettere dall'Oriente\"},\"url\":\"https:\\\/\\\/letteredalloriente.com\\\/site\\\/author\\\/alessandranitti15\\\/\"}]}<\/script>\n<!-- \/ Yoast SEO plugin. -->","yoast_head_json":{"title":"Viaggio in solitaria - Lettere dall&#039;Oriente","description":"Quando ripenso ai momenti pi\u00f9 felici della mia vita penso al viaggio di solitaria. Tra Estremo Oriente, Asia Centrale e Balcani: la mia storia","robots":{"index":"index","follow":"follow","max-snippet":"max-snippet:-1","max-image-preview":"max-image-preview:large","max-video-preview":"max-video-preview:-1"},"canonical":"https:\/\/letteredalloriente.com\/site\/viaggio-in-solitaria\/","og_locale":"en_US","og_type":"article","og_title":"Viaggio in solitaria - Lettere dall&#039;Oriente","og_description":"Quando ripenso ai momenti pi\u00f9 felici della mia vita penso al viaggio di solitaria. Tra Estremo Oriente, Asia Centrale e Balcani: la mia storia","og_url":"https:\/\/letteredalloriente.com\/site\/viaggio-in-solitaria\/","og_site_name":"Lettere dall&#039;Oriente","article_published_time":"2026-03-05T08:16:05+00:00","article_modified_time":"2026-03-05T08:19:21+00:00","og_image":[{"width":2560,"height":1923,"url":"https:\/\/letteredalloriente.com\/site\/wp-content\/uploads\/2026\/03\/image-5-scaled.jpg","type":"image\/jpeg"}],"author":"Lettere dall'Oriente","twitter_card":"summary_large_image","twitter_misc":{"Written by":"Lettere dall'Oriente","Est. reading time":"9 minutes"},"schema":{"@context":"https:\/\/schema.org","@graph":[{"@type":"Article","@id":"https:\/\/letteredalloriente.com\/site\/viaggio-in-solitaria\/#article","isPartOf":{"@id":"https:\/\/letteredalloriente.com\/site\/viaggio-in-solitaria\/"},"author":{"name":"Lettere dall'Oriente","@id":"https:\/\/letteredalloriente.com\/site\/#\/schema\/person\/358c12ace37f3a4c9b9654bacea9dd81"},"headline":"Viaggio in solitaria","datePublished":"2026-03-05T08:16:05+00:00","dateModified":"2026-03-05T08:19:21+00:00","mainEntityOfPage":{"@id":"https:\/\/letteredalloriente.com\/site\/viaggio-in-solitaria\/"},"wordCount":1685,"commentCount":0,"image":{"@id":"https:\/\/letteredalloriente.com\/site\/viaggio-in-solitaria\/#primaryimage"},"thumbnailUrl":"https:\/\/letteredalloriente.com\/site\/wp-content\/uploads\/2026\/03\/image-5-scaled.jpg","keywords":["escursionismo","viaggi fai da te","viaggio indipendente","viaggio sola"],"articleSection":["Avventure di viaggio","Balcani","Turchia"],"inLanguage":"en-US","potentialAction":[{"@type":"CommentAction","name":"Comment","target":["https:\/\/letteredalloriente.com\/site\/viaggio-in-solitaria\/#respond"]}]},{"@type":"WebPage","@id":"https:\/\/letteredalloriente.com\/site\/viaggio-in-solitaria\/","url":"https:\/\/letteredalloriente.com\/site\/viaggio-in-solitaria\/","name":"Viaggio in solitaria - Lettere dall&#039;Oriente","isPartOf":{"@id":"https:\/\/letteredalloriente.com\/site\/#website"},"primaryImageOfPage":{"@id":"https:\/\/letteredalloriente.com\/site\/viaggio-in-solitaria\/#primaryimage"},"image":{"@id":"https:\/\/letteredalloriente.com\/site\/viaggio-in-solitaria\/#primaryimage"},"thumbnailUrl":"https:\/\/letteredalloriente.com\/site\/wp-content\/uploads\/2026\/03\/image-5-scaled.jpg","datePublished":"2026-03-05T08:16:05+00:00","dateModified":"2026-03-05T08:19:21+00:00","author":{"@id":"https:\/\/letteredalloriente.com\/site\/#\/schema\/person\/358c12ace37f3a4c9b9654bacea9dd81"},"description":"Quando ripenso ai momenti pi\u00f9 felici della mia vita penso al viaggio di solitaria. Tra Estremo Oriente, Asia Centrale e Balcani: la mia storia","breadcrumb":{"@id":"https:\/\/letteredalloriente.com\/site\/viaggio-in-solitaria\/#breadcrumb"},"inLanguage":"en-US","potentialAction":[{"@type":"ReadAction","target":["https:\/\/letteredalloriente.com\/site\/viaggio-in-solitaria\/"]}]},{"@type":"ImageObject","inLanguage":"en-US","@id":"https:\/\/letteredalloriente.com\/site\/viaggio-in-solitaria\/#primaryimage","url":"https:\/\/letteredalloriente.com\/site\/wp-content\/uploads\/2026\/03\/image-5-scaled.jpg","contentUrl":"https:\/\/letteredalloriente.com\/site\/wp-content\/uploads\/2026\/03\/image-5-scaled.jpg","width":2560,"height":1923,"caption":"Birra in solitaria alla stazione dei bus di Sofia, Bulgaria"},{"@type":"BreadcrumbList","@id":"https:\/\/letteredalloriente.com\/site\/viaggio-in-solitaria\/#breadcrumb","itemListElement":[{"@type":"ListItem","position":1,"name":"Home","item":"https:\/\/letteredalloriente.com\/site\/"},{"@type":"ListItem","position":2,"name":"Viaggio in solitaria"}]},{"@type":"WebSite","@id":"https:\/\/letteredalloriente.com\/site\/#website","url":"https:\/\/letteredalloriente.com\/site\/","name":"Lettere dall&#039;Oriente","description":"","potentialAction":[{"@type":"SearchAction","target":{"@type":"EntryPoint","urlTemplate":"https:\/\/letteredalloriente.com\/site\/?s={search_term_string}"},"query-input":{"@type":"PropertyValueSpecification","valueRequired":true,"valueName":"search_term_string"}}],"inLanguage":"en-US"},{"@type":"Person","@id":"https:\/\/letteredalloriente.com\/site\/#\/schema\/person\/358c12ace37f3a4c9b9654bacea9dd81","name":"Lettere dall'Oriente","image":{"@type":"ImageObject","inLanguage":"en-US","@id":"https:\/\/secure.gravatar.com\/avatar\/b3471397ef8f2aeabdbd9f0f12ae3f7ad4692b9613edf94edb305ceeebfa3b8f?s=96&d=mm&r=g","url":"https:\/\/secure.gravatar.com\/avatar\/b3471397ef8f2aeabdbd9f0f12ae3f7ad4692b9613edf94edb305ceeebfa3b8f?s=96&d=mm&r=g","contentUrl":"https:\/\/secure.gravatar.com\/avatar\/b3471397ef8f2aeabdbd9f0f12ae3f7ad4692b9613edf94edb305ceeebfa3b8f?s=96&d=mm&r=g","caption":"Lettere dall'Oriente"},"url":"https:\/\/letteredalloriente.com\/site\/author\/alessandranitti15\/"}]}},"_links":{"self":[{"href":"https:\/\/letteredalloriente.com\/site\/wp-json\/wp\/v2\/posts\/429","targetHints":{"allow":["GET"]}}],"collection":[{"href":"https:\/\/letteredalloriente.com\/site\/wp-json\/wp\/v2\/posts"}],"about":[{"href":"https:\/\/letteredalloriente.com\/site\/wp-json\/wp\/v2\/types\/post"}],"author":[{"embeddable":true,"href":"https:\/\/letteredalloriente.com\/site\/wp-json\/wp\/v2\/users\/1"}],"replies":[{"embeddable":true,"href":"https:\/\/letteredalloriente.com\/site\/wp-json\/wp\/v2\/comments?post=429"}],"version-history":[{"count":1,"href":"https:\/\/letteredalloriente.com\/site\/wp-json\/wp\/v2\/posts\/429\/revisions"}],"predecessor-version":[{"id":435,"href":"https:\/\/letteredalloriente.com\/site\/wp-json\/wp\/v2\/posts\/429\/revisions\/435"}],"wp:featuredmedia":[{"embeddable":true,"href":"https:\/\/letteredalloriente.com\/site\/wp-json\/wp\/v2\/media\/433"}],"wp:attachment":[{"href":"https:\/\/letteredalloriente.com\/site\/wp-json\/wp\/v2\/media?parent=429"}],"wp:term":[{"taxonomy":"category","embeddable":true,"href":"https:\/\/letteredalloriente.com\/site\/wp-json\/wp\/v2\/categories?post=429"},{"taxonomy":"post_tag","embeddable":true,"href":"https:\/\/letteredalloriente.com\/site\/wp-json\/wp\/v2\/tags?post=429"}],"curies":[{"name":"wp","href":"https:\/\/api.w.org\/{rel}","templated":true}]}}